{"id":132077,"date":"2025-10-30T03:05:14","date_gmt":"2025-10-30T03:05:14","guid":{"rendered":"https:\/\/www.europesays.com\/pt\/132077\/"},"modified":"2025-10-30T03:05:14","modified_gmt":"2025-10-30T03:05:14","slug":"adriane-galisteu-revisita-memorias-em-nova-serie-sobre-relacao-com-ayrton-senna","status":"publish","type":"post","link":"https:\/\/www.europesays.com\/pt\/132077\/","title":{"rendered":"Adriane Galisteu revisita mem\u00f3rias em nova s\u00e9rie sobre rela\u00e7\u00e3o com Ayrton Senna"},"content":{"rendered":"<p>Nesta quarta-feira, 29, a HBO Max divulgou o trailer da nova s\u00e9rie documental \u2018Meu Ayrton, por Adriane Galisteu\u2018, que promete revelar um lado inexplorado do relacionamento entre a apresentadora e o ic\u00f4nico piloto <strong>Ayrton Senna<\/strong>. O v\u00eddeo oferece um vislumbre das mem\u00f3rias de <strong>Galisteu<\/strong> e suas reflex\u00f5es sobre as controv\u00e9rsias e o ass\u00e9dio que enfrentou ap\u00f3s a morte de <strong>Senna<\/strong>.<\/p>\n<p>Logo nas primeiras imagens do document\u00e1rio, a apresentadora compartilha suas experi\u00eancias sobre a tumultuada rela\u00e7\u00e3o que manteve com o campe\u00e3o. Ela tamb\u00e9m revisita uma resid\u00eancia onde passou momentos significativos ao lado de <strong>Senna<\/strong>. Emocionada, ela menciona: \u201cTrinta anos depois, essa hist\u00f3ria sempre volta\u201d.<\/p>\n<p><strong>Galisteu<\/strong> descreve seu relacionamento com o piloto como um conto de fadas, enfatizando que naquele contexto ela n\u00e3o era apenas a namorada dele, mas sim uma mulher com sua pr\u00f3pria identidade: \u201cCom o <strong>Ayrton<\/strong>, eu vivi aquela experi\u00eancia como um grande conto de fadas. Eu n\u00e3o era mais a namorada dele. Eu era s\u00f3 eu. E tinha gente me cutucando de todos os lados, paparazzo pendurado at\u00e9 na \u00e1rvore. Parem de me colocar nesse lugar. Eu n\u00e3o matei o <strong>Ayrton<\/strong>. Essa hist\u00f3ria \u00e9 minha, ela me pertence\u201d, afirma em um dos trechos do trailer.<\/p>\n<p>Essa declara\u00e7\u00e3o de <a href=\"https:\/\/aventurasnahistoria.com.br\/noticias\/historia-hoje\/galisteu-chama-atencao-com-bolsa-em-formato-de-capacete-de-ayrton-senna.phtml\" rel=\"nofollow noopener\" target=\"_blank\">Adriane<\/a> surge como uma resposta \u00e0 s\u00e9rie \u2018Senna\u2019 (2024), produzida pela <a href=\"https:\/\/aventurasnahistoria.com.br\/noticias\/historia-hoje\/senna-e-serie-de-lingua-nao-inglesa-mais-assistida-na-netflix-global.phtml\" rel=\"nofollow noopener\" target=\"_blank\">Netflix<\/a>, onde a rela\u00e7\u00e3o entre os dois foi abordada de forma reduzida em compara\u00e7\u00e3o com a presen\u00e7a significativa de Xuxa<a href=\"https:\/\/aventurasnahistoria.com.br\/noticias\/reportagem\/cantada-cafona-e-aviao-o-que-senna-nao-mostrou-sobre-ayrton-e-xuxa.phtml\" rel=\"nofollow noopener\" target=\"_blank\"> Meneghel<\/a>, que tamb\u00e9m teve um relacionamento com o piloto.<\/p>\n<p>A s\u00e9rie da HBO Max oferece a <strong>Galisteu<\/strong> uma plataforma para contar sua vers\u00e3o dos eventos, explorando aspectos \u00edntimos e emocionais de seu v\u00ednculo com o \u00eddolo brasileiro at\u00e9 o tr\u00e1gico <a href=\"https:\/\/aventurasnahistoria.com.br\/noticias\/historia-hoje\/livro-aborda-julgamento-apos-o-acidente-de-ayrton-senna.phtml\" rel=\"nofollow noopener\" target=\"_blank\">acidente<\/a> que ocorreu em 1994.<\/p>\n<p>\u2018<a href=\"https:\/\/aventurasnahistoria.com.br\/noticias\/historia-hoje\/senna-e-galisteu-documentario-da-max-revelara-detalhes-ineditos-sobre-romance-do-casal.phtml\" rel=\"nofollow noopener\" target=\"_blank\">Meu Ayrton, por Adriane Galisteu<\/a>\u2018 ser\u00e1 composta por dois epis\u00f3dios de 45 minutos, que estar\u00e3o dispon\u00edveis na plataforma de streaming a partir do dia 6 de novembro, conforme repercute o portal Not\u00edcias da TV, do UOL. A produ\u00e7\u00e3o ir\u00e1 mergulhar em mem\u00f3rias e documentos pessoais, incluindo imagens raras e depoimentos de pessoas pr\u00f3ximas ao casal. Confira o trailer:<\/p>\n<p>Dirigida por <strong>Jo\u00e3o Wainer<\/strong>, a obra tamb\u00e9m contar\u00e1 com participa\u00e7\u00f5es especiais de personalidades como <strong>Emerson Fittipaldi<\/strong>, <strong>Roberto Cabrini<\/strong>, <strong>Betise Assump\u00e7\u00e3o<\/strong> (assessora de imprensa de <strong>Senna<\/strong>), <strong>Jacir Bergmann II<\/strong> (amigo \u00edntimo do piloto) e <strong>Luiza Almeida Braga<\/strong>, esposa de <strong>Braguinha<\/strong>. Esses entrevistados compartilhar\u00e3o hist\u00f3rias dos bastidores e reflex\u00f5es sobre como esse relacionamento influenciou a vida p\u00fablica de <strong>Adriane<\/strong> e a trajet\u00f3ria do piloto fora das pistas.<\/p>\n<p>        <a href=\"https:\/\/aventurasnahistoria.com.br\/noticias\/author\/eric-moreira\" rel=\"nofollow noopener\" target=\"_blank\">&#13;<br \/>\n          <img loading=\"lazy\" decoding=\"async\" alt=\"\u00c9ric Moreira\" src=\"https:\/\/www.europesays.com\/pt\/wp-content\/uploads\/2025\/09\/WhatsApp-Image-2021-09-24-at-18.30.11-150x150.jpeg\" class=\"avatar avatar-115 photo rounded-circle\" height=\"115\" width=\"115\"\/>        <\/a><\/p>\n<p>\u00c9ric Moreira \u00e9 jornalista, formado pelo Centro Universit\u00e1rio Belas Artes de S\u00e3o Paulo. Passa a maior parte do tempo vendo filmes e s\u00e9ries, interessado em jornalismo cultural e grande amante de Arte e Hist\u00f3ria.<\/p>\n","protected":false},"excerpt":{"rendered":"Nesta quarta-feira, 29, a HBO Max divulgou o trailer da nova s\u00e9rie documental \u2018Meu Ayrton, por Adriane Galisteu\u2018,&hellip;\n","protected":false},"author":2,"featured_media":132078,"comment_status":"","ping_status":"","sticky":false,"template":"","format":"standard","meta":{"footnotes":""},"categories":[145],"tags":[3433,726,211,210,3471,3864,1414,114,115,2089,1583,29949,13,32,33,3939,18027],"class_list":{"0":"post-132077","1":"post","2":"type-post","3":"status-publish","4":"format-standard","5":"has-post-thumbnail","7":"category-celebridades","8":"tag-adriane-galisteu","9":"tag-brasil","10":"tag-celebridades","11":"tag-celebrities","12":"tag-curiosidades","13":"tag-desabafo","14":"tag-documentario","15":"tag-entertainment","16":"tag-entretenimento","17":"tag-esporte","18":"tag-hbo-max","19":"tag-meu-ayrton","20":"tag-noticias","21":"tag-portugal","22":"tag-pt","23":"tag-serie","24":"tag-serie-documental"},"share_on_mastodon":{"url":"https:\/\/pubeurope.com\/@pt\/115460907039017772","error":""},"_links":{"self":[{"href":"https:\/\/www.europesays.com\/pt\/wp-json\/wp\/v2\/posts\/132077","targetHints":{"allow":["GET"]}}],"collection":[{"href":"https:\/\/www.europesays.com\/pt\/wp-json\/wp\/v2\/posts"}],"about":[{"href":"https:\/\/www.europesays.com\/pt\/wp-json\/wp\/v2\/types\/post"}],"author":[{"embeddable":true,"href":"https:\/\/www.europesays.com\/pt\/wp-json\/wp\/v2\/users\/2"}],"replies":[{"embeddable":true,"href":"https:\/\/www.europesays.com\/pt\/wp-json\/wp\/v2\/comments?post=132077"}],"version-history":[{"count":0,"href":"https:\/\/www.europesays.com\/pt\/wp-json\/wp\/v2\/posts\/132077\/revisions"}],"wp:featuredmedia":[{"embeddable":true,"href":"https:\/\/www.europesays.com\/pt\/wp-json\/wp\/v2\/media\/132078"}],"wp:attachment":[{"href":"https:\/\/www.europesays.com\/pt\/wp-json\/wp\/v2\/media?parent=132077"}],"wp:term":[{"taxonomy":"category","embeddable":true,"href":"https:\/\/www.europesays.com\/pt\/wp-json\/wp\/v2\/categories?post=132077"},{"taxonomy":"post_tag","embeddable":true,"href":"https:\/\/www.europesays.com\/pt\/wp-json\/wp\/v2\/tags?post=132077"}],"curies":[{"name":"wp","href":"https:\/\/api.w.org\/{rel}","templated":true}]}}