{"id":132090,"date":"2025-10-30T03:20:09","date_gmt":"2025-10-30T03:20:09","guid":{"rendered":"https:\/\/www.europesays.com\/pt\/132090\/"},"modified":"2025-10-30T03:20:09","modified_gmt":"2025-10-30T03:20:09","slug":"ator-relembra-beijo-com-malu-mader-em-novela-passei-alcool-na-boca","status":"publish","type":"post","link":"https:\/\/www.europesays.com\/pt\/132090\/","title":{"rendered":"Ator relembra beijo com Malu Mader em novela: &#8216;Passei \u00e1lcool na boca&#8217;"},"content":{"rendered":"\n<p>Marcelo M\u00e9dici relembrou uma cena de beijo com Malu Mader em &#8220;Haja Cora\u00e7\u00e3o&#8221; (2016).<\/p>\n<p><strong>O que aconteceu<\/strong><\/p>\n<p>O ator relembra o nervosismo antes de gravar o beijo. &#8220;Falei: &#8216;Malu, voc\u00ea me desculpa, estou muito nervoso&#8217;. Ela falou: &#8216;Ah, Marcelo, vai dormir'&#8221;, diz em entrevista a Ronnie Von no programa Companhia Certa, que vai ao ar na RedeTV!, \u00e0 meia-noite.<\/p>\n<p>Ele tomou medidas dr\u00e1sticas para se preparar. &#8220;Escovei os dentes umas 10 vezes, chupei umas 16 balas, tomei \u00e1gua com g\u00e1s, passei \u00e1lcool na boca&#8221;, brinca.<\/p>\n<p>Foi Malu quem o tranquilizou. &#8220;Uma hora ela veio e falou: &#8216;Voc\u00ea t\u00e1 chupando bala? Me d\u00e1 uma tamb\u00e9m&#8217;. Ela foi me deixando \u00e0 vontade&#8221;, diz o ator.<\/p>\n<p>Relembrando seus personagens, Marcelo afirma que demorou para se sentir seguro como protagonista. &#8220;Sou diferente dos outros atores, o pessoal faz uma novela e j\u00e1 quer ser protagonista das outras. Se me desse um protagonista na segunda novela, eu ficaria em p\u00e2nico, porque n\u00e3o tinha e n\u00e3o sabia fazer isso muito bem ainda&#8221;.<\/p>\n","protected":false},"excerpt":{"rendered":"Marcelo M\u00e9dici relembrou uma cena de beijo com Malu Mader em &#8220;Haja Cora\u00e7\u00e3o&#8221; (2016). O que aconteceu O&hellip;\n","protected":false},"author":2,"featured_media":132091,"comment_status":"","ping_status":"","sticky":false,"template":"","format":"standard","meta":{"footnotes":""},"categories":[145],"tags":[4522,6474,211,210,114,115,8526,25934,32,33],"class_list":{"0":"post-132090","1":"post","2":"type-post","3":"status-publish","4":"format-standard","5":"has-post-thumbnail","7":"category-celebridades","8":"tag-alcool","9":"tag-beijo","10":"tag-celebridades","11":"tag-celebrities","12":"tag-entertainment","13":"tag-entretenimento","14":"tag-malu-mader","15":"tag-marcelo-medici","16":"tag-portugal","17":"tag-pt"},"share_on_mastodon":{"url":"https:\/\/pubeurope.com\/@pt\/115460965886939576","error":""},"_links":{"self":[{"href":"https:\/\/www.europesays.com\/pt\/wp-json\/wp\/v2\/posts\/132090","targetHints":{"allow":["GET"]}}],"collection":[{"href":"https:\/\/www.europesays.com\/pt\/wp-json\/wp\/v2\/posts"}],"about":[{"href":"https:\/\/www.europesays.com\/pt\/wp-json\/wp\/v2\/types\/post"}],"author":[{"embeddable":true,"href":"https:\/\/www.europesays.com\/pt\/wp-json\/wp\/v2\/users\/2"}],"replies":[{"embeddable":true,"href":"https:\/\/www.europesays.com\/pt\/wp-json\/wp\/v2\/comments?post=132090"}],"version-history":[{"count":0,"href":"https:\/\/www.europesays.com\/pt\/wp-json\/wp\/v2\/posts\/132090\/revisions"}],"wp:featuredmedia":[{"embeddable":true,"href":"https:\/\/www.europesays.com\/pt\/wp-json\/wp\/v2\/media\/132091"}],"wp:attachment":[{"href":"https:\/\/www.europesays.com\/pt\/wp-json\/wp\/v2\/media?parent=132090"}],"wp:term":[{"taxonomy":"category","embeddable":true,"href":"https:\/\/www.europesays.com\/pt\/wp-json\/wp\/v2\/categories?post=132090"},{"taxonomy":"post_tag","embeddable":true,"href":"https:\/\/www.europesays.com\/pt\/wp-json\/wp\/v2\/tags?post=132090"}],"curies":[{"name":"wp","href":"https:\/\/api.w.org\/{rel}","templated":true}]}}