{"id":132100,"date":"2025-10-30T03:30:12","date_gmt":"2025-10-30T03:30:12","guid":{"rendered":"https:\/\/www.europesays.com\/pt\/132100\/"},"modified":"2025-10-30T03:30:12","modified_gmt":"2025-10-30T03:30:12","slug":"veja-as-novas-funcoes-do-iphone-17-pro-com-o-chip-de-ia","status":"publish","type":"post","link":"https:\/\/www.europesays.com\/pt\/132100\/","title":{"rendered":"veja as novas fun\u00e7\u00f5es do iPhone 17 Pro com o chip de IA"},"content":{"rendered":"\n<p class=\" content-text__container theme-color-primary-first-letter\" data-track-category=\"Link no Texto\" data-track-links=\"\"> Com o lan\u00e7amento do novo iPhone 17, a <a class=\"\" href=\"https:\/\/oglobo.globo.com\/tudo-sobre\/empresa\/apple\" rel=\"nofollow noopener\" target=\"_blank\">Apple<\/a> apresentou seu novo processador, o A19 Pro, que pela primeira vez usa aceleradores neurais de IA em sua GPU, a unidade de processamento de imagens. A combina\u00e7\u00e3o permite fun\u00e7\u00f5es in\u00e9ditas na hora de fazer fotos, editar v\u00eddeos e jogar. <\/p>\n<ul class=\"content-unordered-list\">\n<li><strong>Fim de ano:<\/strong><a class=\"\" href=\"https:\/\/oglobo.globo.com\/economia\/negocios\/noticia\/2025\/10\/26\/o-e-commerce-apresenta-suas-armas-veja-as-novidades-das-plataformas-para-acirrar-a-concorrencia-na-black-friday-e-no-natal.ghtml\" rel=\"nofollow noopener\" target=\"_blank\"><strong> <\/strong>E-commerce apresenta suas armas: veja as novidades das plataformas para acirrar a concorr\u00eancia na Black Friday e no Natal<\/a><\/li>\n<li><strong>Comprou o iPhone 17?<\/strong> <a class=\"\" href=\"https:\/\/oglobo.globo.com\/economia\/tecnologia\/noticia\/2025\/10\/23\/comprou-o-iphone-17-veja-como-transferir-as-informacoes-do-modelo-anterior-para-o-novo.ghtml\" rel=\"nofollow noopener\" target=\"_blank\">Veja como transferir as informa\u00e7\u00f5es do modelo anterior para o novo<\/a><\/li>\n<\/ul>\n<p class=\" content-text__container \" data-track-category=\"Link no Texto\" data-track-links=\"\"> O novo chip A19 Pro est\u00e1 presente no iPhone 17 Pro Max, iPhone 17 Pro e iPhone Air. Para suportar um maior volume de tarefas, a Apple trouxe ainda um novo processo de resfriamento, a chamada \u201cc\u00e2mara de vapor\u201d, que evita o superaquecimento. Ela funciona como uma mini placa met\u00e1lica dentro do aparelho, com um l\u00edquido especial em seu interior. Quando o chip esquenta, esse l\u00edquido evapora e se espalha, levando o calor para longe das partes mais sens\u00edveis. Depois, o vapor esfria e volta a ser l\u00edquido. <\/p>\n<p class=\" content-text__container \" data-track-category=\"Link no Texto\" data-track-links=\"\"> O novo chip A 19Pro tamb\u00e9m trouxe mais fun\u00e7\u00f5es para o sistema de c\u00e2meras. Ao fazer a captura de imagem, a combina\u00e7\u00e3o dos seis n\u00facleos de GPU e do CPU (a central de processamento) com IA permite tratar as fotos de forma autom\u00e1tica no momento da captura, aumentando o brilho mesmo em ambientes noturnos ou com pouca luz. O recurso tamb\u00e9m vale para o uso do zoom \u00f3ptico (que \u00e9 de oito vezes na vers\u00e3o 17 Pro e 17 Pro Max). <\/p>\n<p class=\" content-text__container \" data-track-category=\"Link no Texto\" data-track-links=\"\"> Os v\u00eddeos tamb\u00e9m ganharam mais recursos. Um deles \u00e9 o modo &#8220;cinema&#8221;, por exemplo, que usa IA para detectar o foco autom\u00e1tico e gerar uma profundidade mais parecidas com a realidade, sem distor\u00e7\u00f5es. <\/p>\n<p>       <img decoding=\"async\" class=\"content-media__image\"  src=\"https:\/\/www.europesays.com\/pt\/wp-content\/uploads\/2025\/10\/applegame.png\" alt=\"Chip A 19 Pro:  integra\u00e7\u00e3o in\u00e9dita entre GPU e  aceleradores neurais com tra\u00e7ado de raios  permitem experi\u00eancia de console no smartphone \u2014 Foto: Divulga\u00e7\u00e3o\" width=\"1920\" height=\"1080\" loading=\"lazy\"\/>  Chip A 19 Pro: integra\u00e7\u00e3o in\u00e9dita entre GPU e aceleradores neurais com tra\u00e7ado de raios permitem experi\u00eancia de console no smartphone \u2014 Foto: Divulga\u00e7\u00e3o       <\/p>\n<p class=\" content-text__container \" data-track-category=\"Link no Texto\" data-track-links=\"\"> A integra\u00e7\u00e3o in\u00e9dita entre GPU e os neural accelerators (ou aceleradores neurais, que s\u00e3o pequenos processadores dentro do chip dedicados exclusivamente a tarefas de IA) vem ainda acompanhada do chamado &#8220;tra\u00e7ado de raios acelerado por hardware&#8221;, que permite efeitos visuais em tempo real como sombras realistas e reflexos din\u00e2micos durante a exibi\u00e7\u00e3o de v\u00eddeos e games. Em jogos, a experi\u00eancia pode ser similar ao console. <\/p>\n<p>       <img decoding=\"async\" class=\"content-media__image\"  src=\"https:\/\/www.europesays.com\/pt\/wp-content\/uploads\/2025\/10\/videoapplea19pro.jpg\" alt=\"Chip A19 Pro  permite gravar, editar e exportar v\u00eddeos em 4K ou at\u00e9 8K \u2014 Foto: Divulga\u00e7\u00e3o\" width=\"596\" height=\"274\" loading=\"lazy\"\/>  Chip A19 Pro permite gravar, editar e exportar v\u00eddeos em 4K ou at\u00e9 8K \u2014 Foto: Divulga\u00e7\u00e3o        <\/p>\n<p class=\" content-text__container \" data-track-category=\"Link no Texto\" data-track-links=\"\"> Agora, com mais processamento, \u00e9 poss\u00edvel gravar, editar e exportar v\u00eddeos em 4K ou at\u00e9 8K sem precisar de um computador. \u00c9 poss\u00edvel usar aplicativos profissionais como o Final Cut Pro Mobile sem travar o aparelho. <\/p>\n<p class=\" content-text__container \" data-track-category=\"Link no Texto\" data-track-links=\"\"> Com uma taxa de atualiza\u00e7\u00e3o de at\u00e9 120 hertz (quanto maior o n\u00famero, mais fluida \u00e9 a imagem), o novo chip tamb\u00e9m permite decodificar e renderizar som 3D em tempo real em diversos v\u00eddeos, entregando uma experi\u00eancia imersiva de \u00e1udio espacial. <\/p>\n<p class=\" content-text__container \" data-track-category=\"Link no Texto\" data-track-links=\"\"> O novo chip A 19 Pro permite ainda que aplicativos possam fazer reconhecimento de imagem, tradu\u00e7\u00e3o ao vivo e gera\u00e7\u00e3o de conte\u00fado de forma mais r\u00e1pida e at\u00e9 offline (sem conex\u00e3o). Isso acontece porque o processamento dessas tarefas \u2014 como reconhecimento facial e tradu\u00e7\u00e3o simult\u00e2nea \u2014 \u00e9 feito diretamente no aparelho, sem depender da nuvem, garantindo mais velocidade e privacidade. <\/p>\n<p class=\" content-text__container \" data-track-category=\"Link no Texto\" data-track-links=\"\"> Associado ao novo sistema operacional, o iOS 26, o sistema reconhece ainda express\u00f5es, objetos e lugares nas imagens, que s\u00e3o separadas no app &#8220;Fotos&#8221;. <\/p>\n","protected":false},"excerpt":{"rendered":"Com o lan\u00e7amento do novo iPhone 17, a Apple apresentou seu novo processador, o A19 Pro, que pela&hellip;\n","protected":false},"author":2,"featured_media":132101,"comment_status":"","ping_status":"","sticky":false,"template":"","format":"standard","meta":{"footnotes":""},"categories":[84],"tags":[247,109,107,108,319,32,33,105,103,104,106,110],"class_list":{"0":"post-132100","1":"post","2":"type-post","3":"status-publish","4":"format-standard","5":"has-post-thumbnail","7":"category-ciencia-e-tecnologia","8":"tag-apple","9":"tag-ciencia","10":"tag-ciencia-e-tecnologia","11":"tag-cienciaetecnologia","12":"tag-hard-news","13":"tag-portugal","14":"tag-pt","15":"tag-science","16":"tag-science-and-technology","17":"tag-scienceandtechnology","18":"tag-technology","19":"tag-tecnologia"},"share_on_mastodon":{"url":"https:\/\/pubeurope.com\/@pt\/115461005582334151","error":""},"_links":{"self":[{"href":"https:\/\/www.europesays.com\/pt\/wp-json\/wp\/v2\/posts\/132100","targetHints":{"allow":["GET"]}}],"collection":[{"href":"https:\/\/www.europesays.com\/pt\/wp-json\/wp\/v2\/posts"}],"about":[{"href":"https:\/\/www.europesays.com\/pt\/wp-json\/wp\/v2\/types\/post"}],"author":[{"embeddable":true,"href":"https:\/\/www.europesays.com\/pt\/wp-json\/wp\/v2\/users\/2"}],"replies":[{"embeddable":true,"href":"https:\/\/www.europesays.com\/pt\/wp-json\/wp\/v2\/comments?post=132100"}],"version-history":[{"count":0,"href":"https:\/\/www.europesays.com\/pt\/wp-json\/wp\/v2\/posts\/132100\/revisions"}],"wp:featuredmedia":[{"embeddable":true,"href":"https:\/\/www.europesays.com\/pt\/wp-json\/wp\/v2\/media\/132101"}],"wp:attachment":[{"href":"https:\/\/www.europesays.com\/pt\/wp-json\/wp\/v2\/media?parent=132100"}],"wp:term":[{"taxonomy":"category","embeddable":true,"href":"https:\/\/www.europesays.com\/pt\/wp-json\/wp\/v2\/categories?post=132100"},{"taxonomy":"post_tag","embeddable":true,"href":"https:\/\/www.europesays.com\/pt\/wp-json\/wp\/v2\/tags?post=132100"}],"curies":[{"name":"wp","href":"https:\/\/api.w.org\/{rel}","templated":true}]}}