{"id":132102,"date":"2025-10-30T03:32:12","date_gmt":"2025-10-30T03:32:12","guid":{"rendered":"https:\/\/www.europesays.com\/pt\/132102\/"},"modified":"2025-10-30T03:32:12","modified_gmt":"2025-10-30T03:32:12","slug":"grupo-paramilitar-matou-460-pessoas-em-massacre-a-hospital-no-sudao-africa","status":"publish","type":"post","link":"https:\/\/www.europesays.com\/pt\/132102\/","title":{"rendered":"Grupo paramilitar matou 460 pessoas em massacre a hospital no Sud\u00e3o | \u00c1frica"},"content":{"rendered":"<p>As <a href=\"https:\/\/www.publico.pt\/2023\/04\/15\/mundo\/noticia\/sao-rsf-grupo-paramilitar-tentar-tomar-sudao-2046242\" rel=\"nofollow noopener\" target=\"_blank\">For\u00e7as de Apoio R\u00e1pido<\/a> (RSF, na sigla original), grupo paramilitar do Sud\u00e3o, mataram 460 doentes num hospital sudan\u00eas no \u00faltimo fim-de-semana, 25 e 26 de Outubro, durante um ataque que culminou na tomada da cidade de El-Fasher, na prov\u00edncia de Darfur, por parte das RSF, avan\u00e7ou o The Washington Post esta quarta-feira.<\/p>\n<p>A Rede de M\u00e9dicos do Sud\u00e3o, grupo que monitoriza a <a href=\"https:\/\/www.publico.pt\/2025\/04\/15\/mundo\/noticia\/dois-anos-guerra-sudao-onde-pombas-nao-voam-so-drones-2129792\" rel=\"nofollow noopener\" target=\"_blank\">guerra civil<\/a> que dura desde 2023, afirmou que as RSF mataram \u201ca sangue-frio, todas as pessoas que encontraram dentro do Hospital Saudita\u201d.<\/p>\n<p data-end=\"516\" data-is-last-node=\"\" data-is-only-node=\"\" data-start=\"173\">Quem conseguiu escapar relatou assassinatos indiscriminados com motiva\u00e7\u00f5es \u00e9tnicas e pol\u00edticas, incluindo casos de pessoas com defici\u00eancia abatidas por n\u00e3o conseguirem fugir, outras foram mortas a tiro enquanto tentavam escapar, avan\u00e7ou a coordenadora da ag\u00eancia da ONU para os refugiados (UNHCR, na sigla original), Jacqueline Wilma Parlevliet, citada pela ABC News.<\/p>\n<p>O l\u00edder dos paramilitares sudaneses, o general Mohamed Daglo, reconheceu uma &#8220;cat\u00e1strofe&#8221; em El-Fasher, cidade-chave do Darfur.<\/p>\n<p>&#8220;Habitantes de El-Fasher, lamentamos a cat\u00e1strofe que vos aconteceu (&#8230;) mas a guerra foi-nos imposta&#8221;, declarou Dgalo num discurso transmitido no seu canal Telegram, acrescentando: &#8220;Exigimos que todos aqueles que cometeram erros prestem contas&#8221;. Dgalo afirmou, sem entrar em detalhes, que &#8220;comiss\u00f5es de inqu\u00e9rito&#8221; chegaram ao local.<\/p>\n<p>A UNHCR estima que cerca de 35 mil pessoas fugiram da cidade desde o \u00faltimo domingo. Testemunhas relataram \u00e0 Associated Press que os combatentes das RSF \u2014 a p\u00e9, montados em camelos ou em ve\u00edculos \u2014 iam de casa em casa, disparando sobre os civis, incluindo mulheres e crian\u00e7as.<\/p>\n<p>\u201cParecia um campo de exterm\u00ednio\u201d, disse Tajal-Rahman, um homem com cerca de 50 anos, que testemunhou os ataques em El-Fasher e conseguiu fugir da regi\u00e3o. \u201cCorpos por todo o lado, pessoas a sangrar e ningu\u00e9m para as ajudar.\u201d<\/p>\n<p>O director da Organiza\u00e7\u00e3o Mundial de Sa\u00fade (OMS), Tedros Adhanom Ghebreyesus, disse estar \u201chorrorizado\u201d pelos relatos que chegaram de trabalhadores humanit\u00e1rios e residentes que conseguiram escapar ao massacre.<\/p>\n<p>A OMS diz ter registado 185 ataques a infra-estruturas de sa\u00fade no Sud\u00e3o, que fizeram 1204 mortos e 416 feridos, desde Abril de 2023. \u201cMais de 2000 civis foram mortos durante a invas\u00e3o de El-Fasher\u201d, afirmou a respons\u00e1vel para a ajuda humanit\u00e1ria do governo sudan\u00eas, Mona Nour Al-Daem, citada pela France 24. O n\u00famero total de mortos ainda n\u00e3o foi confirmado por outras fontes internacionais.<\/p>\n<p>A Uni\u00e3o Europeia denunciou igualmente a &#8220;brutalidade&#8221; das RSF e o alvo &#8220;\u00e9tnico&#8221; de civis. Tamb\u00e9m a Cruz Vermelha se declarou &#8220;profundamente chocada com as crescentes informa\u00e7\u00f5es da comunica\u00e7\u00e3o social, fontes p\u00fablicas e testemunhos directos sobre as atrocidades horr\u00edveis e o imenso sofrimento&#8221; infligido aos habitantes de El-Fasher.<\/p>\n<p>        &#13;<\/p>\n<p>&#13;<br \/>\n                &#13;\n            <\/p>\n<p>&#13;<\/p>\n<p>O ex\u00e9rcito do Sud\u00e3o controla a maior parte do Norte e Leste do pa\u00eds, depois de ter <a href=\"https:\/\/www.publico.pt\/2025\/03\/21\/mundo\/noticia\/exercito-sudanes-anuncia-controlo-palacio-presidencial-pais-dividido-2126849\" rel=\"nofollow noopener\" target=\"_blank\">reconquistado Cartum<\/a> em Mar\u00e7o de 2025. Com a conquista de El-Fasher, as RSF controlam agora as cinco capitais regionais de Darfur, no oeste do pa\u00eds, enquanto os combates continuam na regi\u00e3o sul de Kordofan.<\/p>\n","protected":false},"excerpt":{"rendered":"As For\u00e7as de Apoio R\u00e1pido (RSF, na sigla original), grupo paramilitar do Sud\u00e3o, mataram 460 doentes num hospital&hellip;\n","protected":false},"author":2,"featured_media":132103,"comment_status":"","ping_status":"","sticky":false,"template":"","format":"standard","meta":{"footnotes":""},"categories":[50],"tags":[2713,27,28,3763,15,16,14,25,26,21,22,62,12,13,19,20,910,12545,23,24,7290,17,18,29,30,31,63,64,65],"class_list":{"0":"post-132102","1":"post","2":"type-post","3":"status-publish","4":"format-standard","5":"has-post-thumbnail","7":"category-mundo","8":"tag-africa","9":"tag-breaking-news","10":"tag-breakingnews","11":"tag-conflito-armado","12":"tag-featured-news","13":"tag-featurednews","14":"tag-headlines","15":"tag-latest-news","16":"tag-latestnews","17":"tag-main-news","18":"tag-mainnews","19":"tag-mundo","20":"tag-news","21":"tag-noticias","22":"tag-noticias-principais","23":"tag-noticiasprincipais","24":"tag-onu","25":"tag-organizacao-mundial-de-saude","26":"tag-principais-noticias","27":"tag-principaisnoticias","28":"tag-sudao","29":"tag-top-stories","30":"tag-topstories","31":"tag-ultimas","32":"tag-ultimas-noticias","33":"tag-ultimasnoticias","34":"tag-world","35":"tag-world-news","36":"tag-worldnews"},"share_on_mastodon":{"url":"https:\/\/pubeurope.com\/@pt\/115461013075723436","error":""},"_links":{"self":[{"href":"https:\/\/www.europesays.com\/pt\/wp-json\/wp\/v2\/posts\/132102","targetHints":{"allow":["GET"]}}],"collection":[{"href":"https:\/\/www.europesays.com\/pt\/wp-json\/wp\/v2\/posts"}],"about":[{"href":"https:\/\/www.europesays.com\/pt\/wp-json\/wp\/v2\/types\/post"}],"author":[{"embeddable":true,"href":"https:\/\/www.europesays.com\/pt\/wp-json\/wp\/v2\/users\/2"}],"replies":[{"embeddable":true,"href":"https:\/\/www.europesays.com\/pt\/wp-json\/wp\/v2\/comments?post=132102"}],"version-history":[{"count":0,"href":"https:\/\/www.europesays.com\/pt\/wp-json\/wp\/v2\/posts\/132102\/revisions"}],"wp:featuredmedia":[{"embeddable":true,"href":"https:\/\/www.europesays.com\/pt\/wp-json\/wp\/v2\/media\/132103"}],"wp:attachment":[{"href":"https:\/\/www.europesays.com\/pt\/wp-json\/wp\/v2\/media?parent=132102"}],"wp:term":[{"taxonomy":"category","embeddable":true,"href":"https:\/\/www.europesays.com\/pt\/wp-json\/wp\/v2\/categories?post=132102"},{"taxonomy":"post_tag","embeddable":true,"href":"https:\/\/www.europesays.com\/pt\/wp-json\/wp\/v2\/tags?post=132102"}],"curies":[{"name":"wp","href":"https:\/\/api.w.org\/{rel}","templated":true}]}}