{"id":132109,"date":"2025-10-30T03:41:26","date_gmt":"2025-10-30T03:41:26","guid":{"rendered":"https:\/\/www.europesays.com\/pt\/132109\/"},"modified":"2025-10-30T03:41:26","modified_gmt":"2025-10-30T03:41:26","slug":"taca-benfica-abre-quarta-eliminatoria-sporting-e-fc-porto-jogam-no-sabado","status":"publish","type":"post","link":"https:\/\/www.europesays.com\/pt\/132109\/","title":{"rendered":"Ta\u00e7a: Benfica abre quarta eliminat\u00f3ria, Sporting e FC Porto jogam no s\u00e1bado"},"content":{"rendered":"<p style=\"margin-bottom:11px\">A quarta eliminat\u00f3ria da Ta\u00e7a de Portugal abre no dia 21 de novembro, uma sexta-feira, com o duelo entre o Atl\u00e9tico e o Benfica. O est\u00e1dio onde vai decorrer a partida ainda n\u00e3o \u00e9 conhecido.<\/p>\n<p>No dia seguinte entram em a\u00e7\u00e3o o Sporting, detentor do trof\u00e9u, que recebe o Marinhense, e o FC Porto, que defronta o Sintrense, no Drag\u00e3o.<\/p>\n<p>A ronda de jogos da quarta eliminat\u00f3ria da Ta\u00e7a de Portugal fecha no domingo com o Sp. Braga-Nacional.<\/p>\n<p> Calend\u00e1rio da quarta eliminat\u00f3ria da Ta\u00e7a de Portugal: <\/p>\n<p><strong>21 de novembro<\/strong><\/p>\n<p>Atl\u00e9tico &#8211; Benfica (20h30)<\/p>\n<p><strong>22 de novembro <\/strong><\/p>\n<p>AVS &#8211; Acad\u00e9mico de Viseu (11h00)<\/p>\n<p>Vit\u00f3ria &#8211; Mort\u00e1gua (15h00)<\/p>\n<p>Estoril &#8211; Famalic\u00e3o (18h00)<\/p>\n<p>Sporting &#8211; Marinhense\u00a0(18h00)<\/p>\n<p>FC Porto &#8211; Sintrense (20h15)<\/p>\n<p><strong>23 de novembro<\/strong><\/p>\n<p>Lusit\u00e2nia de Lourosa &#8211; Torreense (11h00)<\/p>\n<p>Fafe &#8211; Arouca (14h00)<\/p>\n<p>Tondela &#8211; Caldas (17h00)<\/p>\n<p>Sp. Braga &#8211; Nacional\u00a0(17h30)<\/p>\n","protected":false},"excerpt":{"rendered":"A quarta eliminat\u00f3ria da Ta\u00e7a de Portugal abre no dia 21 de novembro, uma sexta-feira, com o duelo&hellip;\n","protected":false},"author":2,"featured_media":132110,"comment_status":"","ping_status":"","sticky":false,"template":"","format":"standard","meta":{"footnotes":""},"categories":[87],"tags":[3249,10126,51,135,1969,5879,282,524,1356,46,619,32,33,47,1233,34,134,3142,13676,8136,2119],"class_list":{"0":"post-132109","1":"post","2":"type-post","3":"status-publish","4":"format-standard","5":"has-post-thumbnail","7":"category-desporto","8":"tag-arouca","9":"tag-avs","10":"tag-benfica","11":"tag-desporto","12":"tag-estoril","13":"tag-famalicao","14":"tag-fc-porto","15":"tag-futebol","16":"tag-mais-futebol","17":"tag-maisfutebol","18":"tag-nacional","19":"tag-portugal","20":"tag-pt","21":"tag-pura-paixao","22":"tag-sp-braga","23":"tag-sporting","24":"tag-sports","25":"tag-taca-de-portugal","26":"tag-taca-portugal","27":"tag-tondela","28":"tag-vitoria-guimaraes"},"share_on_mastodon":{"url":"https:\/\/pubeurope.com\/@pt\/115461048659930910","error":""},"_links":{"self":[{"href":"https:\/\/www.europesays.com\/pt\/wp-json\/wp\/v2\/posts\/132109","targetHints":{"allow":["GET"]}}],"collection":[{"href":"https:\/\/www.europesays.com\/pt\/wp-json\/wp\/v2\/posts"}],"about":[{"href":"https:\/\/www.europesays.com\/pt\/wp-json\/wp\/v2\/types\/post"}],"author":[{"embeddable":true,"href":"https:\/\/www.europesays.com\/pt\/wp-json\/wp\/v2\/users\/2"}],"replies":[{"embeddable":true,"href":"https:\/\/www.europesays.com\/pt\/wp-json\/wp\/v2\/comments?post=132109"}],"version-history":[{"count":0,"href":"https:\/\/www.europesays.com\/pt\/wp-json\/wp\/v2\/posts\/132109\/revisions"}],"wp:featuredmedia":[{"embeddable":true,"href":"https:\/\/www.europesays.com\/pt\/wp-json\/wp\/v2\/media\/132110"}],"wp:attachment":[{"href":"https:\/\/www.europesays.com\/pt\/wp-json\/wp\/v2\/media?parent=132109"}],"wp:term":[{"taxonomy":"category","embeddable":true,"href":"https:\/\/www.europesays.com\/pt\/wp-json\/wp\/v2\/categories?post=132109"},{"taxonomy":"post_tag","embeddable":true,"href":"https:\/\/www.europesays.com\/pt\/wp-json\/wp\/v2\/tags?post=132109"}],"curies":[{"name":"wp","href":"https:\/\/api.w.org\/{rel}","templated":true}]}}