{"id":132111,"date":"2025-10-30T03:42:22","date_gmt":"2025-10-30T03:42:22","guid":{"rendered":"https:\/\/www.europesays.com\/pt\/132111\/"},"modified":"2025-10-30T03:42:22","modified_gmt":"2025-10-30T03:42:22","slug":"saiba-como-o-oleo-essencial-de-alecrim-pode-ajudar-no-crescimento-do-cabelo-2","status":"publish","type":"post","link":"https:\/\/www.europesays.com\/pt\/132111\/","title":{"rendered":"Saiba como o \u00f3leo essencial de alecrim pode ajudar no crescimento do cabelo"},"content":{"rendered":"<p class=\"texto\">O \u00f3leo essencial de alecrim vem ganhando destaque nas redes sociais como um \u201csegredo natural\u201d para o crescimento dos cabelos. No entanto, embora seus benef\u00edcios sejam reais, o uso isolado do produto n\u00e3o \u00e9 capaz de resolver todos os tipos de queda capilar.<\/p>\n<p class=\"texto\">Conforme a m\u00e9dica tricologista Dra. M\u00e1rcia Dertkigil, o \u00f3leo de alecrim pode, sim, contribuir para fios mais fortes e saud\u00e1veis, mas \u00e9 importante entender seus limites. \u201cEle tem propriedades que estimulam a circula\u00e7\u00e3o sangu\u00ednea no <strong>couro cabeludo<\/strong>, o que pode favorecer o nascimento de novos fios. No entanto, esse efeito \u00e9 apenas um dos fatores dentro de um processo muito mais complexo\u201d, alerta.<\/p>\n<p><strong>Queda capilar tem m\u00faltiplas causas<\/strong><\/p>\n<p class=\"texto\">A Dra. M\u00e1rcia Dertkigil explica que a <strong>queda capilar <\/strong>\u00e9 um problema multifatorial e, por isso, o tratamento precisa ser individualizado. \u201cEm muitos casos, a causa da queda est\u00e1 relacionada a quest\u00f5es hormonais, nutricionais ou at\u00e9 inflamat\u00f3rias. Por isso, \u00e9 fundamental investigar o que est\u00e1 por tr\u00e1s do problema antes de apostar apenas em solu\u00e7\u00f5es caseiras\u201d, orienta.<\/p>\n<p><img fetchpriority=\"high\" decoding=\"async\" width=\"1024\" height=\"683\" src=\"https:\/\/www.europesays.com\/pt\/wp-content\/uploads\/2025\/10\/mulher-cabelo-1024x683.jpg\" alt=\"Mulher de roup\u00e3o branco se olhando em espelho redondo e aplicando produto com conta-gotas no cabelo\" class=\"wp-image-471338\"  \/>O \u00f3leo essencial de alecrim n\u00e3o pode ser aplicado puro no couro cabeludo (Imagem: Prostock-studio | Shutterstock)<\/p>\n<p>Uso correto do \u00f3leo essencial de alecrim<\/p>\n<p class=\"texto\">Outro cuidado importante \u00e9 em rela\u00e7\u00e3o \u00e0 aplica\u00e7\u00e3o adequada do \u00f3leo de alecrim. A especialista alerta que o uso inadequado de \u00f3leos essenciais pode causar irrita\u00e7\u00f5es no couro cabeludo. \u201c\u00c9 importante diluir corretamente o \u00f3leo de alecrim e evitar o contato direto com o couro cabeludo puro. O ideal \u00e9 sempre consultar um especialista para definir a melhor forma de uso, dentro de um tratamento completo e seguro\u201d, refor\u00e7a a Dra. M\u00e1rcia Dertkigil.<\/p>\n<p><strong>Tratamento personalizado \u00e9 o caminho<\/strong><\/p>\n<p class=\"texto\">O sucesso do tratamento contra a queda de cabelo depende da <strong>avalia\u00e7\u00e3o cl\u00ednica<\/strong> e, muitas vezes, de exames laboratoriais. \u201cQuando entendemos a causa, conseguimos montar um plano que pode incluir desde ajustes alimentares e suplementa\u00e7\u00e3o at\u00e9 terapias t\u00f3picas, medicamentosas ou procedimentos espec\u00edficos\u201d, explica a Dra. M\u00e1rcia Dertkigil.<\/p>\n<p class=\"texto\">Para ela, o \u00f3leo essencial de alecrim pode ser um aliado, mas nunca o \u00fanico recurso. \u201cEle pode complementar o tratamento, mas n\u00e3o substitui a avalia\u00e7\u00e3o m\u00e9dica. Cada couro cabeludo tem suas particularidades e \u00e9 isso que precisa ser respeitado para alcan\u00e7ar resultados reais e duradouros\u201d, conclui.<\/p>\n<p class=\"texto\">Por Daiane Bombarda <\/p>\n<ul>\n<li><a href=\"https:\/\/wa.me\/?text=Saiba+como+o+%C3%B3leo+essencial+de+alecrim+pode+ajudar+no+crescimento+do+cabelo%20https:\/\/www.correiobraziliense.com.br\/revista-do-correio\/2025\/10\/7281635-saiba-como-o-oleo-essencial-de-alecrim-pode-ajudar-no-crescimento-do-cabelo.html\" target=\"_blank\" title=\"Whatsapp\" aria-label=\"WhatsApp\" rel=\"nofollow noopener\"><\/a><\/li>\n<li><a href=\"https:\/\/www.facebook.com\/sharer.php?u=https:\/\/www.correiobraziliense.com.br%2Frevista-do-correio%2F2025%2F10%2F7281635-saiba-como-o-oleo-essencial-de-alecrim-pode-ajudar-no-crescimento-do-cabelo.html&amp;text=Saiba+como+o+%C3%B3leo+essencial+de+alecrim+pode+ajudar+no+crescimento+do+cabelo\" target=\"_blank\" title=\"Facebook\" aria-label=\"Facebook\" rel=\"nofollow noopener\"><\/a><\/li>\n<li><a href=\"https:\/\/twitter.com\/intent\/tweet?url=https:\/\/www.correiobraziliense.com.br%2Frevista-do-correio%2F2025%2F10%2F7281635-saiba-como-o-oleo-essencial-de-alecrim-pode-ajudar-no-crescimento-do-cabelo.html&amp;text=Saiba+como+o+%C3%B3leo+essencial+de+alecrim+pode+ajudar+no+crescimento+do+cabelo\" target=\"_blank\" title=\"Twitter\" aria-label=\"Twitter\" rel=\"nofollow noopener\"><\/a><\/li>\n<li><a href=\"https:\/\/profile.google.com\/cp\/CgovbS8wNzZ0dms1\" title=\"Google Discover\" target=\"_blank\" aria-label=\"Google Discover\" rel=\"nofollow noopener\"><img decoding=\"async\" src=\"https:\/\/www.europesays.com\/pt\/wp-content\/uploads\/2025\/10\/1761263228_86_google-discover-icon.png\" style=\"height: 25px; margin: 0 !important; margin-left: 3px;\" alt=\"Google Discover Icon\"\/><\/a><\/li>\n<\/ul>\n<p>                          <script async src=\"https:\/\/platform.twitter.com\/widgets.js\" charset=\"utf-8\"><\/script><\/p>\n","protected":false},"excerpt":{"rendered":"O \u00f3leo essencial de alecrim vem ganhando destaque nas redes sociais como um \u201csegredo natural\u201d para o crescimento&hellip;\n","protected":false},"author":2,"featured_media":132112,"comment_status":"","ping_status":"","sticky":false,"template":"","format":"standard","meta":{"footnotes":""},"categories":[86],"tags":[1081,538,6041,4913,116,32,33,117],"class_list":{"0":"post-132111","1":"post","2":"type-post","3":"status-publish","4":"format-standard","5":"has-post-thumbnail","7":"category-saude","8":"tag-beleza","9":"tag-bem-estar","10":"tag-cabelo","11":"tag-edicase","12":"tag-health","13":"tag-portugal","14":"tag-pt","15":"tag-saude"},"share_on_mastodon":{"url":"https:\/\/pubeurope.com\/@pt\/115461052543896893","error":""},"_links":{"self":[{"href":"https:\/\/www.europesays.com\/pt\/wp-json\/wp\/v2\/posts\/132111","targetHints":{"allow":["GET"]}}],"collection":[{"href":"https:\/\/www.europesays.com\/pt\/wp-json\/wp\/v2\/posts"}],"about":[{"href":"https:\/\/www.europesays.com\/pt\/wp-json\/wp\/v2\/types\/post"}],"author":[{"embeddable":true,"href":"https:\/\/www.europesays.com\/pt\/wp-json\/wp\/v2\/users\/2"}],"replies":[{"embeddable":true,"href":"https:\/\/www.europesays.com\/pt\/wp-json\/wp\/v2\/comments?post=132111"}],"version-history":[{"count":0,"href":"https:\/\/www.europesays.com\/pt\/wp-json\/wp\/v2\/posts\/132111\/revisions"}],"wp:featuredmedia":[{"embeddable":true,"href":"https:\/\/www.europesays.com\/pt\/wp-json\/wp\/v2\/media\/132112"}],"wp:attachment":[{"href":"https:\/\/www.europesays.com\/pt\/wp-json\/wp\/v2\/media?parent=132111"}],"wp:term":[{"taxonomy":"category","embeddable":true,"href":"https:\/\/www.europesays.com\/pt\/wp-json\/wp\/v2\/categories?post=132111"},{"taxonomy":"post_tag","embeddable":true,"href":"https:\/\/www.europesays.com\/pt\/wp-json\/wp\/v2\/tags?post=132111"}],"curies":[{"name":"wp","href":"https:\/\/api.w.org\/{rel}","templated":true}]}}