{"id":132119,"date":"2025-10-30T03:49:11","date_gmt":"2025-10-30T03:49:11","guid":{"rendered":"https:\/\/www.europesays.com\/pt\/132119\/"},"modified":"2025-10-30T03:49:11","modified_gmt":"2025-10-30T03:49:11","slug":"maes-de-virginia-fonseca-e-vini-jr-surgem-juntas-em-festa-de-halloween-do-casal","status":"publish","type":"post","link":"https:\/\/www.europesays.com\/pt\/132119\/","title":{"rendered":"M\u00e3es de Virginia Fonseca e Vini Jr. surgem juntas em festa de Halloween do casal"},"content":{"rendered":"<p><strong>Margareth Serr\u00e3o\u00a0<\/strong>viajou para Madri, na Espanha, para participar da festa de Halloween da filha, <strong>Virginia Fonseca<\/strong>, e do genro, <strong>Vini Jr.<\/strong>, que acontece nesta quarta-feira, 29, na mans\u00e3o do atleta.<\/p>\n<p>Ap\u00f3s compartilhar <a href=\"https:\/\/caras.com.br\/atualidades\/mae-de-virginia-fonseca-afasta-rumores-ao-postar-foto-com-vini-jr-em-festa-de-halloween.phtml\" target=\"_blank\" rel=\"noopener nofollow\">uma foto com o jogador de futebol<\/a>, afastando os rumores de que n\u00e3o aprovava o relacionamento dele com a filha, a m\u00e3e da influenciadora digital e apresentadora do SBT posou sorridente ao lado de\u00a0<strong>Fernanda Cristina<\/strong>, m\u00e3e do atacante do Real Madrid.<\/p>\n<p>Essa n\u00e3o \u00e9 a primeira vez que Margareth e Fernanda se encontram. <a href=\"https:\/\/caras.com.br\/atualidades\/maes-de-virginia-e-vini-jr-surgem-juntas-em-primeira-foto-nova-amizade.phtml\" target=\"_blank\" rel=\"noopener nofollow\">As duas surgiram juntos no m\u00eas passado<\/a>, quando existiam v\u00e1rios boatos de que Virginia e Vini estavam vivendo um affair. Na ocasi\u00e3o, a m\u00e3e da influencer celebrou a nova amizade ao dividir a selfie. \u201cUma nova amizade. Bora beber uma, amiga\u201d, escreveu ela na legenda.<\/p>\n<p>Vale lembrar que a festa de Halloween do mais novo casal conta com <a href=\"https:\/\/caras.com.br\/festas\/virginia-fonseca-e-vini-jr-dao-festa-de-halloween-em-madri-veja-as-fantasias-dos-convidados.phtml\" target=\"_blank\" rel=\"noopener nofollow\">a presen\u00e7a de v\u00e1rios famosos<\/a> como <strong>Monyque Isabella Costa<\/strong> e sua namorada,<strong> Jessika Losi<\/strong>,<strong>\u00a0\u00c9der Milit\u00e3o<\/strong> e sua esposa, a influenciadora digital <strong>Tain\u00e1 Castro<\/strong>, <strong>Duda Freire<\/strong>, <strong>Endrick<\/strong> e a esposa, <strong>Gabriely Miranda<\/strong>, al\u00e9m dos filhos de Virginia com <strong>Z\u00e9 Felipe<\/strong>, <a href=\"https:\/\/caras.com.br\/atualidades\/virginia-fonseca-compartilha-fotos-da-festa-de-halloween-e-revela-sua-fantasia-veja-fotos.phtml\" target=\"_blank\" rel=\"noopener nofollow\"><strong>Maria Alice<\/strong>, <strong>Maria Flor<\/strong> e <strong>Jos\u00e9 Leonardo<\/strong>, que esbanjaram fofura ao surgirem fantasiados de d\u00e1lmatas<\/a>, em refer\u00eancia ao filme 101 D\u00e1lmatas.<\/p>\n<p><strong>Confira:\u00a0<\/strong><\/p>\n<p> <img loading=\"lazy\" decoding=\"async\" class=\"size-full wp-image-1024338 img-fluid lazy\" alt=\"Margareth Serr\u00e3o e Fernanda Cristina\" width=\"600\" height=\"1057\" src=\"https:\/\/www.europesays.com\/pt\/wp-content\/uploads\/2025\/10\/maes-de-virginia-e-vini-jr-posam-juntas.jpeg\"  \/>Margareth Serr\u00e3o posta foto com Fernanda Cristina \u2013 Foto: Instagram  <\/p>\n<p>Ap\u00f3s Virginia Fonseca e Vini Jr. assumirem publicamente o relacionamento, a publica\u00e7\u00e3o repercutiu entre f\u00e3s e amigos e impulsionou o engajamento do casal. Em apenas um dia ap\u00f3s o an\u00fancio, os dois somaram juntos quase 1 milh\u00e3o de novos seguidores no Instagram.<\/p>\n<p>De acordo com dados da plataforma Social Blade, Vini conquistou mais de 500 mil novos seguidores ap\u00f3s a publica\u00e7\u00e3o conjunta com a influenciadora. O craque se tornou o sexto brasileiro mais seguido do Instagram com 56,7 milh\u00f5es de seguidores. Virginia, por outro lado, atraiu cerca de 300 mil novos seguidores para seu perfil. <a href=\"https:\/\/caras.com.br\/atualidades\/pedido-de-namoro-alavanca-carreira-de-virginia-e-vini-jr-saiba-quem-mais-cresceu.phtml\" target=\"_blank\" rel=\"noopener nofollow\"><strong>Saiba mais!<\/strong><\/a><\/p>\n<p><strong>Leia tamb\u00e9m:<\/strong> <a href=\"https:\/\/caras.com.br\/atualidades\/namorado-da-mae-de-virginia-ganha-presente-especial-de-vini-jr.phtml\" target=\"_blank\" rel=\"noopener nofollow\">Namorado da m\u00e3e de Virginia ganha presente especial de Vini Jr<\/a><\/p>\n<p>        <a href=\"https:\/\/caras.com.br\/autor\/daniela-santos\" rel=\"nofollow noopener\" target=\"_blank\">&#13;<br \/>\n          <img loading=\"lazy\" decoding=\"async\" alt=\"Daniela Santos\" src=\"https:\/\/www.europesays.com\/pt\/wp-content\/uploads\/2025\/09\/1758949148_187_daniela-santos_sqmd.jpg\" class=\"avatar avatar-115 photo rounded-circle\" height=\"115\" width=\"115\"\/>        <\/a><\/p>\n<p><b>Daniela Santos<\/b> \u00e9 rep\u00f3rter do site CARAS. Formada em jornalismo pela FIAM FAAM, atua na \u00e1rea de celebridades e TV desde 2018<\/p>\n","protected":false},"excerpt":{"rendered":"Margareth Serr\u00e3o\u00a0viajou para Madri, na Espanha, para participar da festa de Halloween da filha, Virginia Fonseca, e do&hellip;\n","protected":false},"author":2,"featured_media":132120,"comment_status":"","ping_status":"","sticky":false,"template":"","format":"standard","meta":{"footnotes":""},"categories":[145],"tags":[211,210,114,115,29958,6831,13359,8204,10284,32,33,3126,1446],"class_list":{"0":"post-132119","1":"post","2":"type-post","3":"status-publish","4":"format-standard","5":"has-post-thumbnail","7":"category-celebridades","8":"tag-celebridades","9":"tag-celebrities","10":"tag-entertainment","11":"tag-entretenimento","12":"tag-fernanda-cristina","13":"tag-festa","14":"tag-halloween","15":"tag-mae","16":"tag-margareth-serrao","17":"tag-portugal","18":"tag-pt","19":"tag-vini-jr","20":"tag-virginia-fonseca"},"share_on_mastodon":{"url":"https:\/\/pubeurope.com\/@pt\/115461080181991628","error":""},"_links":{"self":[{"href":"https:\/\/www.europesays.com\/pt\/wp-json\/wp\/v2\/posts\/132119","targetHints":{"allow":["GET"]}}],"collection":[{"href":"https:\/\/www.europesays.com\/pt\/wp-json\/wp\/v2\/posts"}],"about":[{"href":"https:\/\/www.europesays.com\/pt\/wp-json\/wp\/v2\/types\/post"}],"author":[{"embeddable":true,"href":"https:\/\/www.europesays.com\/pt\/wp-json\/wp\/v2\/users\/2"}],"replies":[{"embeddable":true,"href":"https:\/\/www.europesays.com\/pt\/wp-json\/wp\/v2\/comments?post=132119"}],"version-history":[{"count":0,"href":"https:\/\/www.europesays.com\/pt\/wp-json\/wp\/v2\/posts\/132119\/revisions"}],"wp:featuredmedia":[{"embeddable":true,"href":"https:\/\/www.europesays.com\/pt\/wp-json\/wp\/v2\/media\/132120"}],"wp:attachment":[{"href":"https:\/\/www.europesays.com\/pt\/wp-json\/wp\/v2\/media?parent=132119"}],"wp:term":[{"taxonomy":"category","embeddable":true,"href":"https:\/\/www.europesays.com\/pt\/wp-json\/wp\/v2\/categories?post=132119"},{"taxonomy":"post_tag","embeddable":true,"href":"https:\/\/www.europesays.com\/pt\/wp-json\/wp\/v2\/tags?post=132119"}],"curies":[{"name":"wp","href":"https:\/\/api.w.org\/{rel}","templated":true}]}}