{"id":132125,"date":"2025-10-30T03:54:32","date_gmt":"2025-10-30T03:54:32","guid":{"rendered":"https:\/\/www.europesays.com\/pt\/132125\/"},"modified":"2025-10-30T03:54:32","modified_gmt":"2025-10-30T03:54:32","slug":"onde-assistir-o-agente-secreto-em-bh-antes-da-estreia","status":"publish","type":"post","link":"https:\/\/www.europesays.com\/pt\/132125\/","title":{"rendered":"Onde assistir &#8216;O Agente Secreto&#8217; em BH antes da estreia"},"content":{"rendered":"<p>&#8220;O Agente Secreto&#8221; estreia oficialmente no dia 6\/11, uma quinta-feira, mas j\u00e1 \u00e9 poss\u00edvel assistir em Belo Horizonte ao novo filme do diretor Kleber Mendon\u00e7a Filho e que ser\u00e1 o representante brasileiro no <strong><a href=\"https:\/\/www.otempo.com.br\/entretenimento\/2025\/9\/6\/rumo-ao-oscar-cotado-para-ate-cinco-indicacoes-o-agente-secreto-faz-ampla-campanha-de-divulgacao\" target=\"_blank\" rel=\"noopener nofollow\">Oscar 2026<\/a><\/strong>.<\/p>\n<p>A primeira vez que o longa foi exibido em BH aconteceu no dia 23\/9 durante a <strong><a href=\"https:\/\/www.otempo.com.br\/entretenimento\/2025\/9\/24\/estreia-de-o-agente-secreto-em-bh-lota-cine-theatro-brasil\" target=\"_blank\" rel=\"noopener nofollow\">Mostra Cine BH<\/a><\/strong>, no Cine Brasil. A produ\u00e7\u00e3o, que j\u00e1 ganhou v\u00e1rios pr\u00eamios como dois em Cannes e foi indicada nesta semana ao Gotham Awards, premia\u00e7\u00e3o que reconhece o cinema independente e abre a temporada de premia\u00e7\u00f5es em Nova York, est\u00e1 tendo pr\u00e9-estreias desde a semana passada.<\/p>\n<p>No pr\u00f3ximo s\u00e1bado (1\u00b0\/11), alguns cinemas da capital mineira, como o do P\u00e1tio Savassi, Belas Artes e no Minas T\u00eanis v\u00e3o exibir &#8220;O Agente Secreto&#8221;.\u00a0 Algumas sess\u00f5es j\u00e1 est\u00e3o esgotadas, tamanha a expectativa em torno do filme. A hist\u00f3ria se passa no Recife em 1977. Fugindo de um passado misterioso, Marcelo (Wagner Moura), um especialista em tecnologia, na casa dos quarenta, volta ao Recife em busca de um pouco de paz, mas percebe que a cidade est\u00e1 longe de ser o ref\u00fagio que procura.\u00a0<\/p>\n<p>\u00a0<\/p>\n<p><strong>Confira onde assistir &#8220;O Agente Secreto&#8221; em BH neste s\u00e1bado (1\u00ba\/11):<\/strong><\/p>\n<p><strong>S\u00e1bado 1\u00ba\/11.<\/strong><br \/>Cinema Cinemark Diamond Mall (Avenida Oleg\u00e1rio Maciel 1.600, Lourdes): 20h<\/p>\n<p>Cineart Shopping Del Rey (Avenida Presidente Carlos Luz, 3.001):\u00a0<br \/>20h40<\/p>\n<p>Cinemark BH Shoppping: (Rodovia BR 356, 3.049, Loja OP-47 &#8211; Belvedere): 18h<\/p>\n<p>Centro Cultural Unimed-BH Minas (Rua da Bahia 2244 &#8211; Lourdes): 19h30<\/p>\n<p>Una Cine Belas Artes (Rua Gon\u00e7alves Dias 1581 &#8211; Lourdes): 20h30<\/p>\n<p>Cineart (Rua Rio de Janeiro 910 &#8211; Centro): 20h<\/p>\n<p>P\u00e1tio Savassi ( Avenida do Contorno, 6061, Savassi): 18h<\/p>\n<p>Cineart Boulevard (Avenida dos Andradas 3000 &#8211; Santa Efig\u00eania):\u00a0<br \/>20h40<\/p>\n<p>Cin\u00e9polis Esta\u00e7\u00e3o (Av. Cristiano Machado, 11833): 20h<\/p>\n<p>\u00a0<\/p>\n","protected":false},"excerpt":{"rendered":"&#8220;O Agente Secreto&#8221; estreia oficialmente no dia 6\/11, uma quinta-feira, mas j\u00e1 \u00e9 poss\u00edvel assistir em Belo Horizonte&hellip;\n","protected":false},"author":2,"featured_media":132126,"comment_status":"","ping_status":"","sticky":false,"template":"","format":"standard","meta":{"footnotes":""},"categories":[140],"tags":[14876,114,115,147,148,2153,146,2158,32,33,12348],"class_list":{"0":"post-132125","1":"post","2":"type-post","3":"status-publish","4":"format-standard","5":"has-post-thumbnail","7":"category-filmes","8":"tag-bh","9":"tag-entertainment","10":"tag-entretenimento","11":"tag-film","12":"tag-filmes","13":"tag-kleber-mendonca-filho","14":"tag-movies","15":"tag-o-agente-secreto","16":"tag-portugal","17":"tag-pt","18":"tag-wagner-moura"},"share_on_mastodon":{"url":"https:\/\/pubeurope.com\/@pt\/115461099741355504","error":""},"_links":{"self":[{"href":"https:\/\/www.europesays.com\/pt\/wp-json\/wp\/v2\/posts\/132125","targetHints":{"allow":["GET"]}}],"collection":[{"href":"https:\/\/www.europesays.com\/pt\/wp-json\/wp\/v2\/posts"}],"about":[{"href":"https:\/\/www.europesays.com\/pt\/wp-json\/wp\/v2\/types\/post"}],"author":[{"embeddable":true,"href":"https:\/\/www.europesays.com\/pt\/wp-json\/wp\/v2\/users\/2"}],"replies":[{"embeddable":true,"href":"https:\/\/www.europesays.com\/pt\/wp-json\/wp\/v2\/comments?post=132125"}],"version-history":[{"count":0,"href":"https:\/\/www.europesays.com\/pt\/wp-json\/wp\/v2\/posts\/132125\/revisions"}],"wp:featuredmedia":[{"embeddable":true,"href":"https:\/\/www.europesays.com\/pt\/wp-json\/wp\/v2\/media\/132126"}],"wp:attachment":[{"href":"https:\/\/www.europesays.com\/pt\/wp-json\/wp\/v2\/media?parent=132125"}],"wp:term":[{"taxonomy":"category","embeddable":true,"href":"https:\/\/www.europesays.com\/pt\/wp-json\/wp\/v2\/categories?post=132125"},{"taxonomy":"post_tag","embeddable":true,"href":"https:\/\/www.europesays.com\/pt\/wp-json\/wp\/v2\/tags?post=132125"}],"curies":[{"name":"wp","href":"https:\/\/api.w.org\/{rel}","templated":true}]}}