{"id":132127,"date":"2025-10-30T03:55:33","date_gmt":"2025-10-30T03:55:33","guid":{"rendered":"https:\/\/www.europesays.com\/pt\/132127\/"},"modified":"2025-10-30T03:55:33","modified_gmt":"2025-10-30T03:55:33","slug":"o-juri-ja-decidiu-estes-sao-os-10-melhores-vinhos-de-lisboa-de-2025-3","status":"publish","type":"post","link":"https:\/\/www.europesays.com\/pt\/132127\/","title":{"rendered":"O j\u00fari j\u00e1 decidiu: estes s\u00e3o os 10 melhores Vinhos de Lisboa de 2025"},"content":{"rendered":"<p class=\"MsoNormal\">J\u00e1 s\u00e3o conhecidos os melhores Vinhos de Lisboa 2025. O concurso, organizado pela Comiss\u00e3o Vitivin\u00edcola da Regi\u00e3o de Lisboa (CVR Lisboa), al\u00e9m dos 10 grandes vencedores nas diversas categorias em prova, destacou ainda quatro TOP 5 e 45 medalhados entre as refer\u00eancias em prova. O concurso acolheu mais de 150 refer\u00eancias, das diferentes denomina\u00e7\u00f5es de origem da regi\u00e3o de Vinhos de Lisboa, submetidas a um j\u00fari que inclui um painel de cr\u00edticos, especialistas e en\u00f3logos.<\/p>\n<p class=\"MsoNormal\">\u201cEste \u00e9 um concurso que mais uma vez posiciona e valoriza a qualidade, a consist\u00eancia, a diversidade e a identidade dos Vinhos de Lisboa, uma das grandes regi\u00f5es portuguesas, express\u00e3o de um car\u00e1cter atl\u00e2ntico \u00fanico, cada vez mais reconhecido em Portugal e nos principais mercados de exporta\u00e7\u00e3o\u201d, afirmou Carlos Fonseca, vogal da CVR Lisboa ao serem conhecidos os vencedores.<\/p>\n<p><strong>Os 10 melhores Vinhos de Lisboa: <\/strong><\/p>\n<p>Os 10 Melhores<\/p>\n<p class=\"MsoNormal\"><strong>Melhor branco: Adega da Vermelha Grande Reserva Branco 2021<\/strong><\/p>\n<p class=\"MsoNormal\">\u00c9 um Vinho Branco DOC \u00d3bidos, criado com a casta Moscatel Gra\u00fado. da Adega da Vermelha ganhou tamb\u00e9m Medalha de Ouro. De cor citrina e aroma a fruta madura, deve ser bebido \u00e0 temperatura de 14\u00baC a 15\u00baC.  (PVP: \u20ac9,72).<\/p>\n<p class=\"MsoNormal\"><strong>Melhor Tinto: AdegaM\u00e3e Terroir 2016<\/strong><br \/>Produzido pela AdegaM\u00e3e, com as castas Touriga Nacional, Touriga Franca, Cabernet Sauvignon, \u00e9 Ideal no acompanhamento queijos e carnes vermelhas. Muito complexo, e bem-casado com madeira. Final persistente e longo. (PVP: \u20ac55)<\/p>\n<p class=\"MsoNormal\"><strong>Melhor Ros\u00e9: Romeira Ros\u00e9 2024<\/strong><\/p>\n<p class=\"MsoNormal\">Com uma cor rosa-p\u00e1lido e aroma floral fresco, \u00e9 produzido pela Enoport e tem um sabor floral, macio e equilibrado, com um final untuoso, firme e fresco. \u00c9 criado com as castas Aragonez, Syrah e Touriga Nacional. (PVP: \u20ac3,15)<\/p>\n<p class=\"MsoNormal\"><strong>Melhor Arinto: Quinta do Lagar Novo Arinto 2019<\/strong><br \/>O aroma \u00e9 o de lima fresca e ma\u00e7\u00e3 verde, com nuances a menta. De cor amarelo c\u00edtrico, \u00e9 descrito pela TAG Wine, como \u201cBranco Elegante\u201d. Ideal com carnes brancas. Marisco e peixe. (PVP: \u20ac16,58)<\/p>\n<p class=\"MsoNormal\"><strong>Melhor Vital: Empatia Superior Vital 2023<\/strong><br \/>As uvas s\u00e3o vindimadas no sop\u00e9 oeste da serra de Montejunto. No copo, este branco revela-se fresco e com uma boa acidez, atributos que combinam bem com pratos de peixe. \u00c9 produzido pela Adega Cooperativa da Labrugeira. (PVP: \u20ac12).<\/p>\n<p>Concurso Vinhos de Lisboa<\/p>\n<p class=\"MsoNormal\"><strong>Melhor Leve Lisboa: Azulejo Branco 2024<\/strong><br \/>Extremamente fresco e arom\u00e1tico, com algumas notas c\u00edtricas e tropicais. \u00c9 um vinho muito leve, da Casa Santos Lima, com uma acidez refrescante. Parceiro ideal para pratos simples e saud\u00e1veis. (PVP: \u20ac3,50).<\/p>\n<p><strong>Melhor Espumante: Quinta Cerrado da Porta Grande Reserva Arinto 2015<\/strong><br \/>Produzido pela Cerrado da Porta \u00e9 recomendado como aperitivo e para acompanhar ostras, marinadas, quase todos os tipos de peixe, foie-gras e carnes fumadas. (PVP: \u20ac12,50).<\/p>\n<p class=\"MsoNormal\"><strong>Melhor Vinho Generoso: Villa Oeiras Superior Branco DOP Carcavelos<\/strong><br \/>Com as Castas Arinto, Galego Dourado e Ratinho, \u00e9 uma produ\u00e7\u00e3o do Munic\u00edpio de Oeiras, com envelhecimento em barricas de carvalho Portugu\u00eas e Franc\u00eas, durante um per\u00edodo m\u00e9dio de 15 Anos (PVP: Sob consulta).<\/p>\n<p class=\"MsoNormal\"><strong>Melhor Colheita Tardia: Quinta das Mar\u00e9s by Santa B\u00e1rbara 2021<\/strong><br \/>De Pedro Santa B\u00e1rbara, \u00e9 feito a partir de uma mistura das castas Jampal e Vital. Tem cor de lim\u00e3o maduro e aroma de grande intensidade e profundidade centrado nas notas de marmelo e ameixa branca, frutos secos. (\u20acPVP: 21).<\/p>\n<p><strong>Melhor Aguardente V\u00ednica: Cl\u00e1ssica 32\u00aa S\u00e9rie Aguardente DOC Lourinh\u00e3 XO<\/strong><br \/>Revela uma eleg\u00e2ncia inigual\u00e1ve. Aroma intenso, madeira, frutos secos, baunilha e especiarias. Na boca \u00e9 suave, celebra a heran\u00e7a cultural de um produto \u00fanico, \u00e9 produzido pela Adega Cooperativa da Lourinh\u00e3. (PVP: \u20ac53).<\/p>\n<p>Vinhos atl\u00e2nticos<\/p>\n<p>DR<\/p>\n<p class=\"category\"><a href=\"https:\/\/expresso.pt\/boa-cama-boa-mesa\" rel=\"nofollow noopener\" target=\"_blank\">Boa Cama Boa Mesa<\/a><\/p>\n<p class=\"follow-link\"><a href=\"https:\/\/expresso.pt\/boa-cama-boa-mesa\/2025-09-11-vinhos-atlanticos-inspiram-viagem-de-descoberta-na-regiao-oeste-bfe436d8\" rel=\"canonical nofollow noopener\" target=\"_blank\">Leia tamb\u00e9m<\/a><\/p>\n<p class=\"MsoNormal\">Paralelamente, o Concurso Vinhos de Lisboa destaca quatro Top 5, em quatro categorias espec\u00edficas (Brancos, Tintos, Arintos, Tintos e Leve). A <a href=\"https:\/\/www.facebook.com\/oficialvinhosdelisboa\" target=\"_blank\" rel=\"noopener noreferrer nofollow\">Comiss\u00e3o Vitivin\u00edcola da Regi\u00e3o de Lisboa <\/a>\u00e9 uma associa\u00e7\u00e3o de car\u00e1cter interprofissional, tendo por miss\u00e3o assegurar o controlo, a certifica\u00e7\u00e3o e a defesa, promo\u00e7\u00e3o e dinamiza\u00e7\u00e3o do enoturismo e dos Vinhos da Regi\u00e3o de Lisboa. A Regi\u00e3o Demarcada dos Vinhos de Lisboa engloba os Vinhos IGP Lisboa e as DOC de Alenquer, Arruda, Torres Vedras, \u00d3bidos, Encostas D\u2019 Aire, Aguardente da Lourinh\u00e3 e Carcavelos, Colares e Bucelas. Com um total de 10 mil hectares de vinha certificada, duas mil fam\u00edlias de viticultores e vendas anuais a totalizar 69 milh\u00f5es de garrafas, exportando 80% para cerca de 100 pa\u00edses.<\/p>\n","protected":false},"excerpt":{"rendered":"J\u00e1 s\u00e3o conhecidos os melhores Vinhos de Lisboa 2025. O concurso, organizado pela Comiss\u00e3o Vitivin\u00edcola da Regi\u00e3o de&hellip;\n","protected":false},"author":2,"featured_media":130398,"comment_status":"","ping_status":"","sticky":false,"template":"","format":"standard","meta":{"footnotes":""},"categories":[87],"tags":[135,32,33,134],"class_list":{"0":"post-132127","1":"post","2":"type-post","3":"status-publish","4":"format-standard","5":"has-post-thumbnail","7":"category-desporto","8":"tag-desporto","9":"tag-portugal","10":"tag-pt","11":"tag-sports"},"share_on_mastodon":{"url":"https:\/\/pubeurope.com\/@pt\/115461103639806265","error":""},"_links":{"self":[{"href":"https:\/\/www.europesays.com\/pt\/wp-json\/wp\/v2\/posts\/132127","targetHints":{"allow":["GET"]}}],"collection":[{"href":"https:\/\/www.europesays.com\/pt\/wp-json\/wp\/v2\/posts"}],"about":[{"href":"https:\/\/www.europesays.com\/pt\/wp-json\/wp\/v2\/types\/post"}],"author":[{"embeddable":true,"href":"https:\/\/www.europesays.com\/pt\/wp-json\/wp\/v2\/users\/2"}],"replies":[{"embeddable":true,"href":"https:\/\/www.europesays.com\/pt\/wp-json\/wp\/v2\/comments?post=132127"}],"version-history":[{"count":0,"href":"https:\/\/www.europesays.com\/pt\/wp-json\/wp\/v2\/posts\/132127\/revisions"}],"wp:featuredmedia":[{"embeddable":true,"href":"https:\/\/www.europesays.com\/pt\/wp-json\/wp\/v2\/media\/130398"}],"wp:attachment":[{"href":"https:\/\/www.europesays.com\/pt\/wp-json\/wp\/v2\/media?parent=132127"}],"wp:term":[{"taxonomy":"category","embeddable":true,"href":"https:\/\/www.europesays.com\/pt\/wp-json\/wp\/v2\/categories?post=132127"},{"taxonomy":"post_tag","embeddable":true,"href":"https:\/\/www.europesays.com\/pt\/wp-json\/wp\/v2\/tags?post=132127"}],"curies":[{"name":"wp","href":"https:\/\/api.w.org\/{rel}","templated":true}]}}