{"id":132138,"date":"2025-10-30T04:13:34","date_gmt":"2025-10-30T04:13:34","guid":{"rendered":"https:\/\/www.europesays.com\/pt\/132138\/"},"modified":"2025-10-30T04:13:34","modified_gmt":"2025-10-30T04:13:34","slug":"shana-do-lapillus-anuncia-saida-da-mld-entertainment-e-desperta-incerteza-sobre-futuro-do-grupo","status":"publish","type":"post","link":"https:\/\/www.europesays.com\/pt\/132138\/","title":{"rendered":"Shana, do Lapillus, anuncia sa\u00edda da MLD Entertainment e desperta incerteza sobre futuro do grupo"},"content":{"rendered":"<p><strong>Shana<\/strong>, l\u00edder do <a href=\"https:\/\/www.instagram.com\/official.lapillus\/\" target=\"_blank\" rel=\"noopener nofollow\">Lapillus<\/a>, revelou por meio de uma publica\u00e7\u00e3o em sua conta pessoal no Instagram que n\u00e3o fazia mais parte do time de artistas da MLD Entertainment, despertando incerteza sobre o futuro do <a href=\"https:\/\/pt.wikipedia.org\/wiki\/Lapillus\" target=\"_blank\" rel=\"noopener nofollow\">grupo<\/a> que enfrenta anos sem novos projetos.<\/p>\n<p>Acontece que, no \u00faltimo domingo, 26, <strong>Shana<\/strong> revelou uma carta escrita \u00e0 m\u00e3o confirmando que j\u00e1 n\u00e3o mantinha mais nenhum v\u00ednculo com a ag\u00eancia h\u00e1 alguns meses, mas que n\u00e3o havia contado anteriormente pois \u201cn\u00e3o tinha certeza se era certo contar primeiro\u201d, j\u00e1 que a MLD n\u00e3o exp\u00f4s a informa\u00e7\u00e3o.<\/p>\n<p>Ao longo do texto, a idol <a href=\"https:\/\/www.japan.go.jp\/#:~:text=The%20Government%20of%20Japan%20%2D%20JapanGov\" target=\"_blank\" rel=\"noopener nofollow\">japonesa<\/a> expressou sentimentos de gratid\u00e3o aos f\u00e3s, bem como dedicou um par\u00e1grafo inteiro para agradecer as diferentes experi\u00eancias ao lado das integrantes do Lapillus \u2014<strong> Chanty, Yue, Bessie, Seowon, Haeun<\/strong>\u2014, as quais <strong>Shana<\/strong> afirma que s\u00e3o \u201ctesouros\u201d para ela.<\/p>\n<p>No fim, <strong>Shana<\/strong> ainda contou que est\u00e1 feliz e que j\u00e1 tem novos planos para essa nova fase da carreira, os quais ela pretende compartilhar com os f\u00e3s em breve.<\/p>\n<p>Leia a tradu\u00e7\u00e3o da carta completa:<\/p>\n<blockquote>\n<p>Ol\u00e1, aqui \u00e9 a Shana.<br \/>Na verdade, eu queria compartilhar isso h\u00e1 muito tempo, mas n\u00e3o tinha certeza se era certo contar primeiro, ent\u00e3o hesitei.<br \/>No entanto, senti que ficar em sil\u00eancio por mais tempo seria injusto com todos voc\u00eas que me apoiaram.<br \/>Ent\u00e3o, decidi compartilhar agora.<br \/>N\u00e3o tenho mais contrato com a ag\u00eancia \u00e0 qual era afiliada.<br \/>Todas as mem\u00f3rias, experi\u00eancias e crescimento que adquiri durante esse tempo s\u00e3o tesouros inestim\u00e1veis \u200b\u200bque jamais esquecerei.<br \/>Conhecer Chanty, Yue, Bessie, Seowon, Haeun tamb\u00e9m foi uma grande felicidade!<br \/>Elas conhecem tanto minhas defici\u00eancias quanto meu lado bom e eu as amo como minhas queridas amigas.<br \/>Eu valorizo \u200b\u200btanto os momentos felizes quanto os dif\u00edceis que compartilhamos juntas, elas s\u00e3o todas tesouros para mim.<br \/>Fui realmente aben\u00e7oada por ter tantas pessoas ao meu redor gra\u00e7as a todos voc\u00eas.<br \/>Estou incrivelmente feliz!<br \/>Sei que ainda posso retribuir de maneiras pequenas, mas quero expressar minha gratid\u00e3o.<br \/>Muito obrigada!<br \/>Depois que meu contrato terminou, me desafiei com muitas coisas novas.<br \/>Atrav\u00e9s dessas experi\u00eancias, finalmente encontrei o caminho que quero seguir.<br \/>Foi um per\u00edodo muito divertido e gratificante.<br \/>Estou ansiosa pelo dia em que poderei compartilhar mais boas not\u00edcias com voc\u00eas no futuro.<br \/>Ali\u00e1s, estou me sentindo muito feliz e curtindo dias gratificantes.<br \/>Devo tudo isso a voc\u00eas, pessoal.<br \/>Obrigado do fundo do meu cora\u00e7\u00e3o.<\/p>\n<\/blockquote>\n<p>Grupo feminino de <a href=\"https:\/\/recreio.com.br\/tags\/k-pop\" target=\"_blank\" rel=\"noopener nofollow\">k-pop<\/a> que estreou em 2022, o Lapillus n\u00e3o tem novos lan\u00e7amentos musicais desde agosto de 2023, quando foi lan\u00e7ado o segundo EP da discografia da forma\u00e7\u00e3o: \u201cGirl\u2019s Round Part. 2\u201d, o qual foi acompanhado pelo lan\u00e7amento de um MV para a faixa t\u00edtulo \u2018Who\u2019s Next\u2019. Relembre:<\/p>\n<p>Conforme apurado pelo Koreaboo, acredita-se que o grupo tenha se dissolvido silenciosamente, j\u00e1 que, al\u00e9m do hiato musical, o grupo n\u00e3o atualiza as redes sociais desde fevereiro de 2025. Apesar disso, nenhum an\u00fancio oficial sobre o poss\u00edvel disband foi realizado.<\/p>\n<p>        <a href=\"https:\/\/recreio.com.br\/noticias\/author\/izabela-queiroz\" rel=\"nofollow noopener\" target=\"_blank\">&#13;<br \/>\n          <img alt=\"Izabela Queiroz\" src=\"https:\/\/www.europesays.com\/pt\/wp-content\/uploads\/2025\/10\/1761797614_303_73c0b9c1056486c3f0ac887fc031213cdd608512c3b419d28e1ba5da81c3eb12\"  class=\"avatar avatar-115 photo rounded-circle mr-3\" height=\"115\" width=\"115\" loading=\"lazy\" decoding=\"async\"\/>        <\/a><\/p>\n<p>Izabela Queiroz, jornalista por paix\u00e3o e cin\u00e9fila de carteirinha. Formada pela UNINOVE, encontrou na escrita o lugar ideal para unir tudo o que mais gosta: filmes, s\u00e9ries e m\u00fasica. Nos textos, h\u00e1 quase sempre refer\u00eancias a algo relacionado \u00e0 cultura pop que a marcou. Fora deles, a encontrar\u00e1 assistindo hist\u00f3rias com reviravoltas chocantes, romances cativantes e dramas que a fazem chorar.<\/p>\n<p>\t                                            <script async src=\"\/\/www.instagram.com\/embed.js\"><\/script><\/p>\n","protected":false},"excerpt":{"rendered":"Shana, l\u00edder do Lapillus, revelou por meio de uma publica\u00e7\u00e3o em sua conta pessoal no Instagram que n\u00e3o&hellip;\n","protected":false},"author":2,"featured_media":132139,"comment_status":"","ping_status":"","sticky":false,"template":"","format":"standard","meta":{"footnotes":""},"categories":[141],"tags":[114,115,10114,1688,29965,149,150,32,33,29966],"class_list":{"0":"post-132138","1":"post","2":"type-post","3":"status-publish","4":"format-standard","5":"has-post-thumbnail","7":"category-musica","8":"tag-entertainment","9":"tag-entretenimento","10":"tag-grupo","11":"tag-k-pop","12":"tag-lapillus","13":"tag-music","14":"tag-musica","15":"tag-portugal","16":"tag-pt","17":"tag-shana"},"share_on_mastodon":{"url":"https:\/\/pubeurope.com\/@pt\/115461174287738202","error":""},"_links":{"self":[{"href":"https:\/\/www.europesays.com\/pt\/wp-json\/wp\/v2\/posts\/132138","targetHints":{"allow":["GET"]}}],"collection":[{"href":"https:\/\/www.europesays.com\/pt\/wp-json\/wp\/v2\/posts"}],"about":[{"href":"https:\/\/www.europesays.com\/pt\/wp-json\/wp\/v2\/types\/post"}],"author":[{"embeddable":true,"href":"https:\/\/www.europesays.com\/pt\/wp-json\/wp\/v2\/users\/2"}],"replies":[{"embeddable":true,"href":"https:\/\/www.europesays.com\/pt\/wp-json\/wp\/v2\/comments?post=132138"}],"version-history":[{"count":0,"href":"https:\/\/www.europesays.com\/pt\/wp-json\/wp\/v2\/posts\/132138\/revisions"}],"wp:featuredmedia":[{"embeddable":true,"href":"https:\/\/www.europesays.com\/pt\/wp-json\/wp\/v2\/media\/132139"}],"wp:attachment":[{"href":"https:\/\/www.europesays.com\/pt\/wp-json\/wp\/v2\/media?parent=132138"}],"wp:term":[{"taxonomy":"category","embeddable":true,"href":"https:\/\/www.europesays.com\/pt\/wp-json\/wp\/v2\/categories?post=132138"},{"taxonomy":"post_tag","embeddable":true,"href":"https:\/\/www.europesays.com\/pt\/wp-json\/wp\/v2\/tags?post=132138"}],"curies":[{"name":"wp","href":"https:\/\/api.w.org\/{rel}","templated":true}]}}