{"id":132142,"date":"2025-10-30T04:15:15","date_gmt":"2025-10-30T04:15:15","guid":{"rendered":"https:\/\/www.europesays.com\/pt\/132142\/"},"modified":"2025-10-30T04:15:15","modified_gmt":"2025-10-30T04:15:15","slug":"oficial-tres-meses-depois-extremo-filipovity-deixa-o-fc-porto","status":"publish","type":"post","link":"https:\/\/www.europesays.com\/pt\/132142\/","title":{"rendered":"OFICIAL: tr\u00eas meses depois, extremo Filipovity deixa o FC Porto"},"content":{"rendered":"<p>O FC Porto anunciou esta quarta-feira que chegou ao fim a liga\u00e7\u00e3o com o basquetebolista\u00a0Marko Filipovity.<\/p>\n<p>Num breve comunicado no site oficial, os drag\u00f5es desejam\u00a0\u00abas maiores felicidades para o futuro\u00bb ao extremo h\u00fangaro.<\/p>\n<p><a href=\"https:\/\/maisfutebol.iol.pt\/fc-porto\/basquetebol\/oficial-marko-filipovity-reforca-basquetebol-do-fc-porto\" target=\"_blank\" rel=\"nofollow noopener\">Filipovity chegou ao FC Porto em julho deste ano<\/a>, proveniente do\u00a0Alba Feh\u00e9rv\u00e1r, e representou os drag\u00f5es em seis partidas, com m\u00e9dias de seis pontos por jogo, 0.2 assist\u00eancias e cerca de tr\u00eas ressaltos por encontro.<\/p>\n<p>De recordar, o FC Porto <a href=\"https:\/\/maisfutebol.iol.pt\/basquetebol\/modalidades\/basquetebol-fc-porto-garante-reforco-na-vespera-da-rececao-ao-sporting\" target=\"_blank\" rel=\"nofollow noopener\">refor\u00e7ou-se recentemente com o extremo norte-americano Allen Flanigan<\/a>.<\/p>\n<p>RELACIONADOS<\/p>\n<p>                                                <a data-iol-identity=\"relacionados\" target=\"_blank\" href=\"https:\/\/maisfutebol.iol.pt\/fc-porto\/basquetebol\/oficial-marko-filipovity-reforca-basquetebol-do-fc-porto\" rel=\"nofollow noopener\">&#13;<\/p>\n<p>                                                    &#13;<\/p>\n<p>OFICIAL: M\u00e1rk\u00f3 Filipovity refor\u00e7a basquetebol do FC Porto<\/p>\n<p>&#13;<br \/>\n                                                <\/a><\/p>\n<p>                                                <a data-iol-identity=\"relacionados\" target=\"_blank\" href=\"https:\/\/maisfutebol.iol.pt\/modalidades\/basquetebol\/basquetebol-fc-porto-regressa-as-vitorias-na-taca-europeia\" rel=\"nofollow noopener\">&#13;<\/p>\n<p>                                                    &#13;<\/p>\n<p>Basquetebol: FC Porto regressa \u00e0s vit\u00f3rias na Ta\u00e7a Europeia<\/p>\n<p>&#13;<br \/>\n                                                <\/a><\/p>\n<p>                                                <a data-iol-identity=\"relacionados\" target=\"_blank\" href=\"https:\/\/maisfutebol.iol.pt\/basquetebol\/modalidades\/basquetebol-fc-porto-garante-reforco-na-vespera-da-rececao-ao-sporting\" rel=\"nofollow noopener\">&#13;<\/p>\n<p>                                                    &#13;<\/p>\n<p>Basquetebol: FC Porto garante refor\u00e7o na v\u00e9spera da rece\u00e7\u00e3o ao Sporting<\/p>\n<p>&#13;<br \/>\n                                                <\/a><\/p>\n<p>                                                <a data-iol-identity=\"relacionados\" target=\"_blank\" href=\"https:\/\/maisfutebol.iol.pt\/basquetebol\/sporting\/taca-hugo-santos-sporting-volta-a-bater-o-fc-porto\" rel=\"nofollow noopener\">&#13;<\/p>\n<p>                                                    &#13;<\/p>\n<p>Ta\u00e7a Hugo dos Santos: Sporting volta a bater o FC Porto<\/p>\n<p>&#13;<br \/>\n                                                <\/a><\/p>\n","protected":false},"excerpt":{"rendered":"O FC Porto anunciou esta quarta-feira que chegou ao fim a liga\u00e7\u00e3o com o basquetebolista\u00a0Marko Filipovity. Num breve&hellip;\n","protected":false},"author":2,"featured_media":132143,"comment_status":"","ping_status":"","sticky":false,"template":"","format":"standard","meta":{"footnotes":""},"categories":[87],"tags":[2694,135,282,46,29967,1830,32,33,47,134],"class_list":{"0":"post-132142","1":"post","2":"type-post","3":"status-publish","4":"format-standard","5":"has-post-thumbnail","7":"category-desporto","8":"tag-basquetebol","9":"tag-desporto","10":"tag-fc-porto","11":"tag-maisfutebol","12":"tag-marko-filipovity","13":"tag-modalidades","14":"tag-portugal","15":"tag-pt","16":"tag-pura-paixao","17":"tag-sports"},"share_on_mastodon":{"url":"https:\/\/pubeurope.com\/@pt\/115461182299998645","error":""},"_links":{"self":[{"href":"https:\/\/www.europesays.com\/pt\/wp-json\/wp\/v2\/posts\/132142","targetHints":{"allow":["GET"]}}],"collection":[{"href":"https:\/\/www.europesays.com\/pt\/wp-json\/wp\/v2\/posts"}],"about":[{"href":"https:\/\/www.europesays.com\/pt\/wp-json\/wp\/v2\/types\/post"}],"author":[{"embeddable":true,"href":"https:\/\/www.europesays.com\/pt\/wp-json\/wp\/v2\/users\/2"}],"replies":[{"embeddable":true,"href":"https:\/\/www.europesays.com\/pt\/wp-json\/wp\/v2\/comments?post=132142"}],"version-history":[{"count":0,"href":"https:\/\/www.europesays.com\/pt\/wp-json\/wp\/v2\/posts\/132142\/revisions"}],"wp:featuredmedia":[{"embeddable":true,"href":"https:\/\/www.europesays.com\/pt\/wp-json\/wp\/v2\/media\/132143"}],"wp:attachment":[{"href":"https:\/\/www.europesays.com\/pt\/wp-json\/wp\/v2\/media?parent=132142"}],"wp:term":[{"taxonomy":"category","embeddable":true,"href":"https:\/\/www.europesays.com\/pt\/wp-json\/wp\/v2\/categories?post=132142"},{"taxonomy":"post_tag","embeddable":true,"href":"https:\/\/www.europesays.com\/pt\/wp-json\/wp\/v2\/tags?post=132142"}],"curies":[{"name":"wp","href":"https:\/\/api.w.org\/{rel}","templated":true}]}}