{"id":132150,"date":"2025-10-30T04:23:08","date_gmt":"2025-10-30T04:23:08","guid":{"rendered":"https:\/\/www.europesays.com\/pt\/132150\/"},"modified":"2025-10-30T04:23:08","modified_gmt":"2025-10-30T04:23:08","slug":"disputa-masculina-creo-kellab-fabiano-moraes-e-toninho-tornado-encaram-gostosuras-e-travessuras-nesta-quarta-29-record","status":"publish","type":"post","link":"https:\/\/www.europesays.com\/pt\/132150\/","title":{"rendered":"Disputa masculina! Cr\u00e9o Kellab, Fabiano Moraes e Toninho Tornado encaram gostosuras e travessuras nesta quarta (29) \u2013 Record"},"content":{"rendered":"<p><img decoding=\"async\" data-chromatic=\"ignore\" alt=\"\" class=\"c-image\" loading=\"lazy\" src=\"https:\/\/www.europesays.com\/pt\/wp-content\/uploads\/2025\/10\/RZWNL6NATJGWHLXUFQRJWIRLCY.png\"  width=\"677\" height=\"339\"\/>Acompanhe a disputa ao vivo mediada por Galisteu Reprodu\u00e7\u00e3o\/Instagram <\/p>\n<p class=\"jarvics:base-text-neutral-high-400 base-text-[calc(theme(fontSize.xs)_*_var(--font-size,_1))] base-font-normal base-font-primary base-text-neutral-low-500 base-text-left\">As emo\u00e7\u00f5es e reviravoltas de <a href=\"https:\/\/record.r7.com\/a-fazenda\/a-fazenda-17\/\" target=\"_self\" rel=\"nofollow noopener\" title=\"https:\/\/record.r7.com\/a-fazenda\/a-fazenda-17\/\"><b>A Fazenda 17<\/b><\/a><b> <\/b>continuam! Nesta quarta (29), <a href=\"https:\/\/record.r7.com\/a-fazenda\/a-fazenda-17\/peoes\/creo-kellab\" target=\"_self\" rel=\"nofollow noopener\" title=\"https:\/\/record.r7.com\/a-fazenda\/a-fazenda-17\/peoes\/creo-kellab\"><b>Cr\u00e9o Kellab<\/b><\/a>, <a href=\"https:\/\/record.r7.com\/a-fazenda\/a-fazenda-17\/peoes\/fabiano-moraes\" target=\"_self\" rel=\"nofollow noopener\" title=\"https:\/\/record.r7.com\/a-fazenda\/a-fazenda-17\/peoes\/fabiano-moraes\"><b>Fabiano Moraes<\/b><\/a> e <a href=\"https:\/\/record.r7.com\/a-fazenda\/a-fazenda-17\/peoes\/toninho-tornado\" target=\"_self\" rel=\"nofollow noopener\" title=\"https:\/\/record.r7.com\/a-fazenda\/a-fazenda-17\/peoes\/toninho-tornado\"><b>Toninho Tornado<\/b><\/a> tentam conquistar o chap\u00e9u mais cobi\u00e7ado de Itapecerica das Chamas na Prova do Fazendeiro para se livrarem da Ro\u00e7a da semana. <\/p>\n<p class=\"jarvics:base-text-neutral-high-400 base-text-[calc(theme(fontSize.xs)_*_var(--font-size,_1))] base-font-normal base-font-primary base-text-neutral-low-500 base-text-left\">Em uma disputa masculina, os tr\u00eas pe\u00f5es entram no clima de gostosuras ou travessuras e encaram um caldeir\u00e3o gigante de \u201cdoces\u201d, representados por bolinhas coloridas, cada uma com pontua\u00e7\u00f5es diferentes.<\/p>\n<p class=\"jarvics:base-text-neutral-high-400 base-text-[calc(theme(fontSize.xs)_*_var(--font-size,_1))] base-font-normal base-font-primary base-text-neutral-low-500 base-text-left\">O desafio vai exigir muita agilidade, sorte e pontaria para coletar as guloseimas e arremess\u00e1-las contra o alvo, ilustrado por ab\u00f3boras girat\u00f3rias, que estar\u00e3o identificadas com o nome de cada participante.<\/p>\n<p class=\"jarvics:base-text-neutral-high-400 base-text-[calc(theme(fontSize.xs)_*_var(--font-size,_1))] base-font-normal base-font-primary base-text-neutral-low-500 base-text-left\">Em seguida, os pe\u00f5es devem levar as bolinhas, ou os \u201cdoces\u201d, para uma bancada e separ\u00e1-las por cor, come\u00e7ando, ent\u00e3o, a contagem de pontos de cada participante.<\/p>\n<ul class=\"b-article-body__list-unordered\">\n<li><b>Quer ficar por dentro de tudo que est\u00e1 acontecendo em\u00a0<\/b><b>A Fazenda 17<\/b><b>?\u00a0<\/b><a href=\"https:\/\/www.whatsapp.com\/channel\/0029Va2cJIR1noz2ahzX0D1N\" target=\"_blank\" rel=\"noreferrer nofollow noopener\" title=\"https:\/\/www.whatsapp.com\/channel\/0029Va2cJIR1noz2ahzX0D1N\"><b>Clique aqui<\/b><\/a><b>\u00a0e fa\u00e7a parte do nosso canal no WhatsApp!<\/b><\/li>\n<\/ul>\n<p class=\"jarvics:base-text-neutral-high-400 base-text-[calc(theme(fontSize.xs)_*_var(--font-size,_1))] base-font-normal base-font-primary base-text-neutral-low-500 base-text-left\">Ap\u00f3s essa etapa, come\u00e7a a fase da roleta de b\u00f4nus, que pode revelar grandes travessuras e redefinir toda a pontua\u00e7\u00e3o at\u00e9 o \u00faltimo momento, deixando a competi\u00e7\u00e3o ainda mais emocionante e imprevis\u00edvel! <\/p>\n<p class=\"jarvics:base-text-neutral-high-400 base-text-[calc(theme(fontSize.xs)_*_var(--font-size,_1))] base-font-normal base-font-primary base-text-neutral-low-500 base-text-left\">A pontua\u00e7\u00e3o final do pe\u00e3o \u00e9 ajustada de acordo com o multiplicador sorteado. Ap\u00f3s a atualiza\u00e7\u00e3o dos placares, o pe\u00e3o com a menor pontua\u00e7\u00e3o \u00e9 eliminado da prova. Os outros dois jogadores seguem para a rodada final.<\/p>\n<p class=\"jarvics:base-text-neutral-high-400 base-text-[calc(theme(fontSize.xs)_*_var(--font-size,_1))] base-font-normal base-font-primary base-text-neutral-low-500 base-text-left\">Nesse momento, partindo do zero, os dois pe\u00f5es com a maior pontua\u00e7\u00e3o repetem a din\u00e2mica da etapa anterior. <\/p>\n<p class=\"jarvics:base-text-neutral-high-400 base-text-[calc(theme(fontSize.xs)_*_var(--font-size,_1))] base-font-normal base-font-primary base-text-neutral-low-500 base-text-left\">O pe\u00e3o com a maior pontua\u00e7\u00e3o ao final se torna o novo Fazendeiro. Em caso de empate, eles devem girar a roleta. Quem sortear o maior multiplicador, vence a prova.<\/p>\n<p class=\"jarvics:base-text-neutral-high-400 base-text-[calc(theme(fontSize.xs)_*_var(--font-size,_1))] base-font-normal base-font-primary base-text-neutral-low-500 base-text-left\">Fique ligado! <a href=\"https:\/\/record.r7.com\/a-fazenda\/a-fazenda-17\/\" rel=\"nofollow noopener\" title=\"https:\/\/record.r7.com\/a-fazenda\/a-fazenda-17\/\" target=\"_blank\"><b>A Fazenda 17<\/b><\/a> vai ao ar de segunda a domingo, \u00e0s 22h30, na tela da <a href=\"https:\/\/record.r7.com\/\" rel=\"nofollow noopener\" target=\"_blank\"><b>RECORD<\/b><\/a>. Assine o <a href=\"https:\/\/www.recordplus.com\/home\" rel=\"nofollow noopener\" title=\"https:\/\/www.recordplus.com\/home\" target=\"_blank\"><b>RecordPlus<\/b><\/a> e tenha acesso \u00e0s c\u00e2meras 24 horas.<\/p>\n<p><b>\u00c1gua na cara, cuspida, banho de creme e muito mais! Relembre as maiores tretas de A Fazenda 17<\/b><\/p>\n<p class=\"jarvics:base-text-neutral-high-400 base-text-[calc(theme(fontSize.xxs)_*_var(--font-size,_1))] base-font-semibold base-font-primary base-text-neutral-low-500 base-text-left\">Com mais de um m\u00eas no ar, A Fazenda 17 acumula uma s\u00e9rie de embates pesados. Pelos mais variados motivos, o elenco bomb\u00e1stico provou que sabe bem como armar um bom barraco e ningu\u00e9m saiu ileso. J\u00e1 rolou \u00e1gua na cara, guerra de cosm\u00e9ticos, cuspidas e muito mais; relembre!<\/p>\n","protected":false},"excerpt":{"rendered":"Acompanhe a disputa ao vivo mediada por Galisteu Reprodu\u00e7\u00e3o\/Instagram As emo\u00e7\u00f5es e reviravoltas de A Fazenda 17 continuam!&hellip;\n","protected":false},"author":2,"featured_media":132151,"comment_status":"","ping_status":"","sticky":false,"template":"","format":"standard","meta":{"footnotes":""},"categories":[145],"tags":[657,211,210,24064,114,115,21230,32,22718,33,27427],"class_list":{"0":"post-132150","1":"post","2":"type-post","3":"status-publish","4":"format-standard","5":"has-post-thumbnail","7":"category-celebridades","8":"tag-a-fazenda","9":"tag-celebridades","10":"tag-celebrities","11":"tag-creo-kellab","12":"tag-entertainment","13":"tag-entretenimento","14":"tag-fabiano-moraes","15":"tag-portugal","16":"tag-prova-do-fazendeiro","17":"tag-pt","18":"tag-toninho-tornado"},"share_on_mastodon":{"url":"https:\/\/pubeurope.com\/@pt\/115461213722960576","error":""},"_links":{"self":[{"href":"https:\/\/www.europesays.com\/pt\/wp-json\/wp\/v2\/posts\/132150","targetHints":{"allow":["GET"]}}],"collection":[{"href":"https:\/\/www.europesays.com\/pt\/wp-json\/wp\/v2\/posts"}],"about":[{"href":"https:\/\/www.europesays.com\/pt\/wp-json\/wp\/v2\/types\/post"}],"author":[{"embeddable":true,"href":"https:\/\/www.europesays.com\/pt\/wp-json\/wp\/v2\/users\/2"}],"replies":[{"embeddable":true,"href":"https:\/\/www.europesays.com\/pt\/wp-json\/wp\/v2\/comments?post=132150"}],"version-history":[{"count":0,"href":"https:\/\/www.europesays.com\/pt\/wp-json\/wp\/v2\/posts\/132150\/revisions"}],"wp:featuredmedia":[{"embeddable":true,"href":"https:\/\/www.europesays.com\/pt\/wp-json\/wp\/v2\/media\/132151"}],"wp:attachment":[{"href":"https:\/\/www.europesays.com\/pt\/wp-json\/wp\/v2\/media?parent=132150"}],"wp:term":[{"taxonomy":"category","embeddable":true,"href":"https:\/\/www.europesays.com\/pt\/wp-json\/wp\/v2\/categories?post=132150"},{"taxonomy":"post_tag","embeddable":true,"href":"https:\/\/www.europesays.com\/pt\/wp-json\/wp\/v2\/tags?post=132150"}],"curies":[{"name":"wp","href":"https:\/\/api.w.org\/{rel}","templated":true}]}}