{"id":132156,"date":"2025-10-30T04:29:21","date_gmt":"2025-10-30T04:29:21","guid":{"rendered":"https:\/\/www.europesays.com\/pt\/132156\/"},"modified":"2025-10-30T04:29:21","modified_gmt":"2025-10-30T04:29:21","slug":"imsa-filipe-albuquerque-confirmado-na-wtr-em-2026","status":"publish","type":"post","link":"https:\/\/www.europesays.com\/pt\/132156\/","title":{"rendered":"IMSA: Filipe Albuquerque confirmado na WTR em 2026"},"content":{"rendered":"<p>Filipe Albuquerque vai continuar o seu percurso no Campeonato Norte-Americano de Resist\u00eancia (IMSA), renovando a parceria com a Wayne Taylor Racing (WTR) e Ricky Taylor para a temporada de 2026. Ser\u00e1 a sexta \u00e9poca consecutiva em conjunto, mantendo o objetivo ambicioso: lutar pelo t\u00edtulo americano de endurance, num dos campeonatos mais competitivos do mundo.<\/p>\n<p>Tal como nas temporadas anteriores, Will Stevens voltar\u00e1 a juntar-se \u00e0 dupla Albuquerque\/ Taylor nas provas de maior dura\u00e7\u00e3o \u2014 Daytona, Sebring e Road Atlanta \u2014 ao volante do Cadillac #10. A colabora\u00e7\u00e3o entre os tr\u00eas tem sido um sucesso, traduzindo-se em oito vit\u00f3rias, incluindo um triunfo nas 24 Horas de Daytona, e m\u00faltiplas presen\u00e7as no p\u00f3dio.<\/p>\n<p><img loading=\"lazy\" decoding=\"async\" width=\"1200\" height=\"800\" data-lazy-type=\"image\" src=\"https:\/\/www.europesays.com\/pt\/wp-content\/uploads\/2025\/10\/bb-plm-10-11-25-33220.jpg\" alt=\"\" class=\"lazy lazy-hidden wp-image-730547\"\/><\/p>\n<p>Depois de um ano desafiante em 2025, marcado pela estreia e desenvolvimento do novo Cadillac, Albuquerque encara 2026 com renovada motiva\u00e7\u00e3o. Apesar das dificuldades, a equipa conseguiu tr\u00eas p\u00f3dios e mostrou competitividade consistente, o que o piloto portugu\u00eas considera um resultado positivo face \u00e0s circunst\u00e2ncias de adapta\u00e7\u00e3o ao novo carro.<\/p>\n<p>O foco agora passa pela evolu\u00e7\u00e3o t\u00e9cnica do prot\u00f3tipo e pela prepara\u00e7\u00e3o intensiva da nova temporada, que arranca com testes em Daytona a 14 e 15 de novembro, antes da primeira corrida oficial, tamb\u00e9m em Daytona, de 23 a 25 de janeiro.<\/p>\n<blockquote class=\"twitter-tweet\">\n<p lang=\"en\" dir=\"ltr\">What a crazy race. Yes, we were super lucky with the SC on the right lap but let\u2019s not forget we put ourselves there. <a href=\"https:\/\/twitter.com\/RickyTaylorRace?ref_src=twsrc%5Etfw\" rel=\"nofollow noopener\" target=\"_blank\">@RickyTaylorRace<\/a> came from last to 2nd in that stint. \ud83d\udcaa\ud83c\udffb Mega job<a href=\"https:\/\/twitter.com\/waynetaylorrcng?ref_src=twsrc%5Etfw\" rel=\"nofollow noopener\" target=\"_blank\">@waynetaylorrcng<\/a> <a href=\"https:\/\/twitter.com\/CadillacVSeries?ref_src=twsrc%5Etfw\" rel=\"nofollow noopener\" target=\"_blank\">@CadillacVSeries<\/a> <a href=\"https:\/\/t.co\/uxcC9UD5OJ\" rel=\"nofollow\">pic.twitter.com\/uxcC9UD5OJ<\/a><\/p>\n<p>\u2014 Filipe Albuquerque (@Albuquick) <a href=\"https:\/\/twitter.com\/Albuquick\/status\/1970123630060425436?ref_src=twsrc%5Etfw\" rel=\"nofollow noopener\" target=\"_blank\">September 22, 2025<\/a><\/p>\n<\/blockquote>\n<p>\u201cTalvez n\u00e3o tenha sido um ano brilhante, mas foi melhor do que seria expect\u00e1vel\u201d<\/p>\n<p>\u201cEnquanto equipa conhecemo-nos muito bem. Estamos muito enturmados naquilo que s\u00e3o as nossas responsabilidades enquanto pilotos, e isso \u00e9 uma mais-valia para o desenvolvimento do carro e a adapta\u00e7\u00e3o\u201d, afirmou Filipe Albuquerque. \u201cPode parecer clich\u00e9, mas estou desejoso que 2026 comece. 2025 foi um ano muito desafiante. Estre\u00e1mos o Cadillac e tivemos de o compreender corrida ap\u00f3s corrida. Mesmo assim, conseguimos tr\u00eas p\u00f3dios e estivemos perto da vit\u00f3ria. Talvez n\u00e3o tenha sido um ano brilhante, mas foi melhor do que seria expect\u00e1vel para o ano de estreia do carro. Agora inicia-se um novo ciclo e um novo per\u00edodo de testes, que espero se traduza num Cadillac mais r\u00e1pido. Evolu\u00edmos muito em 2025, mas queremos mais \u2014 queremos lutar por vit\u00f3rias e pelo t\u00edtulo. N\u00e3o tenho d\u00favidas de que \u00e9 poss\u00edvel.\u201d<\/p>\n<p>\t\t\t<script async src=\"https:\/\/platform.twitter.com\/widgets.js\" charset=\"utf-8\"><\/script><\/p>\n","protected":false},"excerpt":{"rendered":"Filipe Albuquerque vai continuar o seu percurso no Campeonato Norte-Americano de Resist\u00eancia (IMSA), renovando a parceria com a&hellip;\n","protected":false},"author":2,"featured_media":132157,"comment_status":"","ping_status":"","sticky":false,"template":"","format":"standard","meta":{"footnotes":""},"categories":[87],"tags":[135,29968,24733,718,32,33,134,8563,29969],"class_list":{"0":"post-132156","1":"post","2":"type-post","3":"status-publish","4":"format-standard","5":"has-post-thumbnail","7":"category-desporto","8":"tag-desporto","9":"tag-filipe-albuquerque","10":"tag-imsa","11":"tag-newsletter","12":"tag-portugal","13":"tag-pt","14":"tag-sports","15":"tag-velocidade","16":"tag-wtr"},"share_on_mastodon":{"url":"https:\/\/pubeurope.com\/@pt\/115461237376243768","error":""},"_links":{"self":[{"href":"https:\/\/www.europesays.com\/pt\/wp-json\/wp\/v2\/posts\/132156","targetHints":{"allow":["GET"]}}],"collection":[{"href":"https:\/\/www.europesays.com\/pt\/wp-json\/wp\/v2\/posts"}],"about":[{"href":"https:\/\/www.europesays.com\/pt\/wp-json\/wp\/v2\/types\/post"}],"author":[{"embeddable":true,"href":"https:\/\/www.europesays.com\/pt\/wp-json\/wp\/v2\/users\/2"}],"replies":[{"embeddable":true,"href":"https:\/\/www.europesays.com\/pt\/wp-json\/wp\/v2\/comments?post=132156"}],"version-history":[{"count":0,"href":"https:\/\/www.europesays.com\/pt\/wp-json\/wp\/v2\/posts\/132156\/revisions"}],"wp:featuredmedia":[{"embeddable":true,"href":"https:\/\/www.europesays.com\/pt\/wp-json\/wp\/v2\/media\/132157"}],"wp:attachment":[{"href":"https:\/\/www.europesays.com\/pt\/wp-json\/wp\/v2\/media?parent=132156"}],"wp:term":[{"taxonomy":"category","embeddable":true,"href":"https:\/\/www.europesays.com\/pt\/wp-json\/wp\/v2\/categories?post=132156"},{"taxonomy":"post_tag","embeddable":true,"href":"https:\/\/www.europesays.com\/pt\/wp-json\/wp\/v2\/tags?post=132156"}],"curies":[{"name":"wp","href":"https:\/\/api.w.org\/{rel}","templated":true}]}}