{"id":13217,"date":"2025-08-02T17:46:17","date_gmt":"2025-08-02T17:46:17","guid":{"rendered":"https:\/\/www.europesays.com\/pt\/13217\/"},"modified":"2025-08-02T17:46:17","modified_gmt":"2025-08-02T17:46:17","slug":"novo-porsche-911-turbo-s-chega-ainda-em-2025-e-sera-hibrido","status":"publish","type":"post","link":"https:\/\/www.europesays.com\/pt\/13217\/","title":{"rendered":"Novo Porsche 911 Turbo S chega ainda em 2025 e ser\u00e1 h\u00edbrido"},"content":{"rendered":"<p>A Porsche confirmou que o novo 911 Turbo S ser\u00e1 lan\u00e7ado ainda em 2025. E, como j\u00e1 era esperado, a vers\u00e3o mais extrema da linha at\u00e9 agora tamb\u00e9m ser\u00e1 a mais tecnol\u00f3gica: vai adotar um sistema h\u00edbrido. O an\u00fancio foi feito pelo CEO Oliver Blume durante a apresenta\u00e7\u00e3o de resultados semestrais da marca. Al\u00e9m do Turbo S, uma vers\u00e3o &#8220;n\u00e3o-S&#8221; tamb\u00e9m deve ser apresentada na sequ\u00eancia.<\/p>\n<p>A ado\u00e7\u00e3o da eletrifica\u00e7\u00e3o no Turbo S j\u00e1 tinha sido antecipada em 2024, quando o ent\u00e3o CFO Lutz Meschke revelou que o facelift da gera\u00e7\u00e3o 992 traria eletrifica\u00e7\u00e3o \u00e0 configura\u00e7\u00e3o mais potente do modelo. Agora, a confirma\u00e7\u00e3o oficial vem junto com detalhes da cadeia de produ\u00e7\u00e3o: o novo sistema h\u00edbrido usar\u00e1 baterias fornecidas pela V4Drive GmbH, empresa do Grupo Varta adquirida recentemente pela pr\u00f3pria Porsche.<\/p>\n<p>                            <a href=\"http:\/\/motor1.uol.com.br\/photos\/901912\/porsche-911-t-2025-no-teste\/#8073159_porsche-911-carrera-t-2025-colocado-a-prova\" class=\"msnt-photo-thumb-gallery-main-photo-box\" rel=\"nofollow noopener\" target=\"_blank\"><\/p>\n<p>                                    <img decoding=\"async\" src=\"https:\/\/www.europesays.com\/pt\/wp-content\/uploads\/2025\/07\/16x9-tr.png\" loading=\"lazy\" alt=\"Porsche 911 Carrera T (2025) colocado \u00e0 prova\" width=\"16\" height=\"9\"\/><\/p>\n<p>                            <\/a><\/p>\n<p>                                    39                                <\/p>\n<p>\n                            Fonte: Porsche                        <\/p>\n<p>Sistema h\u00edbrido j\u00e1 est\u00e1 no GTS<\/p>\n<p>Na pr\u00e1tica, a base tecnol\u00f3gica do novo Turbo S h\u00edbrido j\u00e1 est\u00e1 nas ruas. O GTS reestilizado foi o primeiro 911 a usar o sistema T-Hybrid, que traz baterias cil\u00edndricas de 1,9 kWh produzidas nas unidades da V4Smart (novo nome da V4Drive) em Ellwangen e N\u00f6rdlingen, na Alemanha. At\u00e9 o fim do ano, as duas f\u00e1bricas ter\u00e3o 375 funcion\u00e1rios dedicados \u00e0 produ\u00e7\u00e3o do novo trem de for\u00e7a eletrificado.<\/p>\n<p>Ainda n\u00e3o h\u00e1 dados oficiais sobre pot\u00eancia ou desempenho, mas o cen\u00e1rio \u00e9 claro: o novo Turbo S dever\u00e1 ser mais forte que o atual, que j\u00e1 entrega 640 cv e 81,6 kgfm com seu motor boxer 3.8 biturbo. O desafio ser\u00e1 manter a balan\u00e7a sob controle. No caso do GTS, por exemplo, a eletrifica\u00e7\u00e3o adicionou 47 kg \u00e0 vers\u00e3o oferecida nos EUA.<\/p>\n<p>        <img decoding=\"async\" src=\"https:\/\/www.europesays.com\/pt\/wp-content\/uploads\/2025\/07\/16x9-tr.png\" alt=\"&lt;p&gt;Prot\u00f3tipo do Porsche Cayman EV&lt;\/p&gt;\" width=\"16\" height=\"9\" loading=\"lazy\"\/><\/p>\n<p>Prot\u00f3tipo do Porsche Cayman EV<\/p>\n<p>Foto de: KGP Photography<\/p>\n<p>Mais eletrificados est\u00e3o a caminho<\/p>\n<p>Durante a confer\u00eancia, Blume tamb\u00e9m confirmou que a Porsche est\u00e1 preparando \u201cnovos derivados\u201d da linha <a href=\"https:\/\/motor1.uol.com.br\/porsche\/911-carrera\/\" data-inline-widget=\"internal-links\" rel=\"nofollow noopener\" target=\"_blank\">911<\/a>, com foco em desempenho ainda superior ao da gera\u00e7\u00e3o 992.1. O GT2 RS \u00e9 um dos candidatos mais prov\u00e1veis a receber o powertrain h\u00edbrido, mas, como de costume, essa vers\u00e3o mais radical deve ficar para o final do ciclo de vida da atual gera\u00e7\u00e3o.<\/p>\n<p>A Porsche tamb\u00e9m prepara mudan\u00e7as importantes na base da linha de esportivos a combust\u00e3o. A produ\u00e7\u00e3o dos atuais <a href=\"https:\/\/motor1.uol.com.br\/porsche\/718-cayman\/\" data-inline-widget=\"internal-links\" rel=\"nofollow noopener\" target=\"_blank\">718<\/a> Cayman e <a href=\"https:\/\/motor1.uol.com.br\/porsche\/718-boxster\/\" data-inline-widget=\"internal-links\" rel=\"nofollow noopener\" target=\"_blank\">Boxster<\/a> ser\u00e1 encerrada em outubro. Seus sucessores ser\u00e3o 100% el\u00e9tricos e chegar\u00e3o depois do Cayenne EV, previsto para 2026.<\/p>\n<p>                            <a href=\"http:\/\/motor1.uol.com.br\/photos\/907902\/porsche-cayenne-eletrico-imagens-teaser\/#8183526_porsche-cayenne-electric-atrai-reboques-de-carros-classicos\" class=\"msnt-photo-thumb-gallery-main-photo-box\" rel=\"nofollow noopener\" target=\"_blank\"><\/p>\n<p>                                    <img decoding=\"async\" src=\"https:\/\/www.europesays.com\/pt\/wp-content\/uploads\/2025\/07\/16x9-tr.png\" loading=\"lazy\" alt=\"Porsche Cayenne Electric atrai reboques de carros cl\u00e1ssicos\" width=\"16\" height=\"9\"\/><\/p>\n<p>                            <\/a><\/p>\n<p>                                    11                                <\/p>\n<p>\n                            Fonte: Porsche                        <\/p>\n<p>Diferente do <a href=\"https:\/\/motor1.uol.com.br\/porsche\/macan\/\" data-inline-widget=\"internal-links\" rel=\"nofollow noopener\" target=\"_blank\">Macan<\/a>, que ainda ter\u00e1 uma nova gera\u00e7\u00e3o a gasolina em 2028, n\u00e3o h\u00e1 qualquer ind\u00edcio de que Cayman ou Boxster com motor a combust\u00e3o seguir\u00e3o ap\u00f3s o fim da gera\u00e7\u00e3o 982. Uma decis\u00e3o arriscada, especialmente considerando que o motor sempre foi o grande chamariz desses modelos \u2013 mesmo os de quatro cilindros. Com os novos el\u00e9tricos, at\u00e9 a transmiss\u00e3o manual deixar\u00e1 de existir.<\/p>\n<p> <img decoding=\"async\" class=\"sizer\" draggable=\"false\" src=\"data:image\/png;base64,iVBORw0KGgoAAAANSUhEUgAAABAAAAAJCAYAAAA7KqwyAAAAGXRFWHRTb2Z0d2FyZQBBZG9iZSBJbWFnZVJlYWR5ccllPAAAABpJREFUeNpi\/P\/\/PwMlgImBQjBqwLAwACDAAOVfAw9\/ZDvcAAAAAElFTkSuQmCC\" alt=\"\"\/>                           <\/p>\n","protected":false},"excerpt":{"rendered":"A Porsche confirmou que o novo 911 Turbo S ser\u00e1 lan\u00e7ado ainda em 2025. E, como j\u00e1 era&hellip;\n","protected":false},"author":2,"featured_media":13218,"comment_status":"","ping_status":"","sticky":false,"template":"","format":"standard","meta":{"footnotes":""},"categories":[83],"tags":[88,5460,89,90,729,5459,32,33],"class_list":{"0":"post-13217","1":"post","2":"type-post","3":"status-publish","4":"format-standard","5":"has-post-thumbnail","7":"category-empresas","8":"tag-business","9":"tag-cupu00ea","10":"tag-economy","11":"tag-empresas","12":"tag-oficial","13":"tag-porsche-911-turbo-s","14":"tag-portugal","15":"tag-pt"},"share_on_mastodon":{"url":"","error":""},"_links":{"self":[{"href":"https:\/\/www.europesays.com\/pt\/wp-json\/wp\/v2\/posts\/13217","targetHints":{"allow":["GET"]}}],"collection":[{"href":"https:\/\/www.europesays.com\/pt\/wp-json\/wp\/v2\/posts"}],"about":[{"href":"https:\/\/www.europesays.com\/pt\/wp-json\/wp\/v2\/types\/post"}],"author":[{"embeddable":true,"href":"https:\/\/www.europesays.com\/pt\/wp-json\/wp\/v2\/users\/2"}],"replies":[{"embeddable":true,"href":"https:\/\/www.europesays.com\/pt\/wp-json\/wp\/v2\/comments?post=13217"}],"version-history":[{"count":0,"href":"https:\/\/www.europesays.com\/pt\/wp-json\/wp\/v2\/posts\/13217\/revisions"}],"wp:featuredmedia":[{"embeddable":true,"href":"https:\/\/www.europesays.com\/pt\/wp-json\/wp\/v2\/media\/13218"}],"wp:attachment":[{"href":"https:\/\/www.europesays.com\/pt\/wp-json\/wp\/v2\/media?parent=13217"}],"wp:term":[{"taxonomy":"category","embeddable":true,"href":"https:\/\/www.europesays.com\/pt\/wp-json\/wp\/v2\/categories?post=13217"},{"taxonomy":"post_tag","embeddable":true,"href":"https:\/\/www.europesays.com\/pt\/wp-json\/wp\/v2\/tags?post=13217"}],"curies":[{"name":"wp","href":"https:\/\/api.w.org\/{rel}","templated":true}]}}