{"id":132172,"date":"2025-10-30T04:47:31","date_gmt":"2025-10-30T04:47:31","guid":{"rendered":"https:\/\/www.europesays.com\/pt\/132172\/"},"modified":"2025-10-30T04:47:31","modified_gmt":"2025-10-30T04:47:31","slug":"dois-remedios-que-ja-existem-podem-ser-a-chave-para-a-cura-do-alzheimer-jornalmetropolis-com-br","status":"publish","type":"post","link":"https:\/\/www.europesays.com\/pt\/132172\/","title":{"rendered":"Dois rem\u00e9dios que j\u00e1 existem podem ser a chave para a cura do Alzheimer &#8211; jornalmetropolis.com.br"},"content":{"rendered":"<ol>\n<li><a href=\"https:\/\/news.google.com\/rss\/articles\/CBMizAFBVV95cUxOUEtRUXhEdFlWNjVHS3Q1eUVQUExfWjQ3RWR4MHJ1azNHQlVkVkh2RnFYcFM4OXZYOS12RDRodTdhcUprcVU0TC1POWUyeWtub3BWOENyVk0yOHVrQ2NVOTY5cUZ5dWxHTlBlY0Nac2hzWWwycXdmSDRrVXJhb3NVR2RJLU5wTWFhZEFyb1lQdExsMW9sWk9paXVkME5MNnNhRzR1OVhlQ2VtV3IxUXFrbkx6UWRZdmd2M3ktMmpkSkRNamY2bHNabGlXUzI?oc=5\" target=\"_blank\" rel=\"nofollow noopener\">Dois rem\u00e9dios que j\u00e1 existem podem ser a chave para a cura do Alzheimer<\/a>&nbsp;&nbsp;jornalmetropolis.com.br<\/li>\n<li><a href=\"https:\/\/news.google.com\/rss\/articles\/CBMiqwFBVV95cUxOME9Sa0pHQjFwVzdlYUd2N1F6S2xxSXBGMHZfZnFfLWNaMGRtWGlVazlDRzZIbDdyVnhIUWRMb2JhejU5R3JtXzVHVDkyNXBnNkxiVVBfUzB1ZFIxdUEwTkdodXZNTUJBZ1ZSaWZMZnJHZTFHVUNQSzFMRGt2dDl6MHc1UFluUldZZW5lbUJ0WUNhdGROTmg5SlFyd1V2N2F4VEJET05Gd1BBWlXSAboBQVVfeXFMTjNod056LVFBbkI3dkI1MTFUaVp6NWdCVmdRWXJXWTl2SXVqTTEtMDBCZGlIeUZUQ3dLcGtXeXNRWG9GYzJEOTI1WTIwaWdSSmtTZ1NqYmg4eDhuRnFyaEQ0UF9MdWY5SnBteXJmTlNvMUdVdXMtS3Vvdm5Ga0tRaFh2b3VZZHlEY3djZGNzSWlSNTI3Rmpubi1FQzBmZWpzSHMxaUxIY1VSNXZkNzJ6eGx3eWZ5cHZfY3lR?oc=5\" target=\"_blank\" rel=\"nofollow noopener\">Esses dois medicamentos podem melhorar a sa\u00fade do c\u00e9rebro<\/a>&nbsp;&nbsp;O Globo<\/li>\n<li><a href=\"https:\/\/news.google.com\/rss\/articles\/CBMi4gFBVV95cUxOTDBIcHRtb2plMEVCbnFOQ1dFcC1XaElDaEFkMEVXZG00Mmx3dHg4NU9vTmZpYnFISDBSektvODZUa0w4MllhQm5zTVN2OUV6Tk9OakxCeDlxY1RBaXB2d1FEYzQzR24zTFRWQXI3TFl1aWk4NTNOMjlDb1g5ajYzOXI2bGJnTVpSZHBwZVJGNGlwYjIxdENJclRhWkxBOS1ON2ZINWFDNm5xemFjNlhKRTZWcm1lWC1uVDVUN1BMaXhZeHJxX3k0ZU41dEk1YURhbXBkdDlvQmFxMm5oREZTMFZn?oc=5\" target=\"_blank\" rel=\"nofollow noopener\">Centro de Pesquisa Cl\u00ednica do INC abre oportunidade de novas terapias para pacientes com Alzheimer<\/a>&nbsp;&nbsp;Di\u00e1rio Ind\u00fastria &amp; Com\u00e9rcio<\/li>\n<li><a href=\"https:\/\/news.google.com\/rss\/articles\/CBMixwFBVV95cUxPRDluNVNrY0VJNXVhTlNMakZxSXQ0RzBBLTdISHBGQklKbXlXWkZfc3FFcWNGMmx0WGxXbzM3NF9WdlFQb0lUcVg0bFd5VTBuX0lYeUF0U3Zrc3NiY3VwckVGMFV3Wl96cU1QbUhOYXFpa0ZQMFFvVjNOOW42anNrUDRqNG1aZG1pTkgzc2VJOExabm10M0hiYTNzcUljLXZWeUZrdFBLVUllQk9MNGlST2NOSU1RcHgxX0pMdnhNQ3o2c0dWQmRn0gHMAUFVX3lxTE5zNE5Zd053bWVuSldNNUZSYkhzdmNPUUxUbk51LUVjUmxmM2l4R0xqRXFjMnNVU05XMEVuamlBeW9sZkNDUWJNN2FfN3BLcmo3blRJdUpqT091MGpOSVlMOUEwaHdScm83MDEwOU81NEpzM1JWRWVGa1YyOU1IU0dMZVBWdWhJY0pjeUtpd00zc2loRFhQQUFicU4xVzdLMG1TeDRuSm0wT0pxWTNaN2dOSVJQRTNkWlV6RVJrMXZmVW5UZ25aOEg3V2hndA?oc=5\" target=\"_blank\" rel=\"nofollow noopener\">Centro de Pesquisa de Curitiba disponibiliza novas terapias para pacientes com Alzheimer<\/a>&nbsp;&nbsp;Bem Paran\u00e1<\/li>\n<li><a href=\"https:\/\/news.google.com\/rss\/articles\/CBMie0FVX3lxTFBjdU5jNVR2ZDBJaG52UEhmbkF0Ym0tNU5XZHBLbTRlaWJWanJZazJHQ2ZuTXM0aEJrTFBjX0xiRXJaXzFxYzQya0podkd4ekx1NDZSSmVDcTdZcHE0eXlrb2E3LXpBZGJGZ2JnWXBmZG4xVUdDZDkxMEJvVQ?oc=5\" target=\"_blank\" rel=\"nofollow noopener\">Esperan\u00e7a para Alzheimer: dois medicamentos j\u00e1 no mercado mostram resultados promissores<\/a>&nbsp;&nbsp;Seu Cr\u00e9dito Digital<\/li>\n<\/ol>\n","protected":false},"excerpt":{"rendered":"Dois rem\u00e9dios que j\u00e1 existem podem ser a chave para a cura do Alzheimer&nbsp;&nbsp;jornalmetropolis.com.br Esses dois medicamentos podem&hellip;\n","protected":false},"author":2,"featured_media":132173,"comment_status":"","ping_status":"","sticky":false,"template":"","format":"standard","meta":{"footnotes":""},"categories":[86],"tags":[314,11617,29972,116,20625,32,33,2418,117],"class_list":{"0":"post-132172","1":"post","2":"type-post","3":"status-publish","4":"format-standard","5":"has-post-thumbnail","7":"category-saude","8":"tag-alzheimer","9":"tag-chave","10":"tag-existem","11":"tag-health","12":"tag-podem","13":"tag-portugal","14":"tag-pt","15":"tag-remedios","16":"tag-saude"},"share_on_mastodon":{"url":"https:\/\/pubeurope.com\/@pt\/115461307941907110","error":""},"_links":{"self":[{"href":"https:\/\/www.europesays.com\/pt\/wp-json\/wp\/v2\/posts\/132172","targetHints":{"allow":["GET"]}}],"collection":[{"href":"https:\/\/www.europesays.com\/pt\/wp-json\/wp\/v2\/posts"}],"about":[{"href":"https:\/\/www.europesays.com\/pt\/wp-json\/wp\/v2\/types\/post"}],"author":[{"embeddable":true,"href":"https:\/\/www.europesays.com\/pt\/wp-json\/wp\/v2\/users\/2"}],"replies":[{"embeddable":true,"href":"https:\/\/www.europesays.com\/pt\/wp-json\/wp\/v2\/comments?post=132172"}],"version-history":[{"count":0,"href":"https:\/\/www.europesays.com\/pt\/wp-json\/wp\/v2\/posts\/132172\/revisions"}],"wp:featuredmedia":[{"embeddable":true,"href":"https:\/\/www.europesays.com\/pt\/wp-json\/wp\/v2\/media\/132173"}],"wp:attachment":[{"href":"https:\/\/www.europesays.com\/pt\/wp-json\/wp\/v2\/media?parent=132172"}],"wp:term":[{"taxonomy":"category","embeddable":true,"href":"https:\/\/www.europesays.com\/pt\/wp-json\/wp\/v2\/categories?post=132172"},{"taxonomy":"post_tag","embeddable":true,"href":"https:\/\/www.europesays.com\/pt\/wp-json\/wp\/v2\/tags?post=132172"}],"curies":[{"name":"wp","href":"https:\/\/api.w.org\/{rel}","templated":true}]}}