{"id":132176,"date":"2025-10-30T04:54:07","date_gmt":"2025-10-30T04:54:07","guid":{"rendered":"https:\/\/www.europesays.com\/pt\/132176\/"},"modified":"2025-10-30T04:54:07","modified_gmt":"2025-10-30T04:54:07","slug":"marcelo-falcao-anuncia-pausa-na-carreira-seguindo-recomendacoes-medicas","status":"publish","type":"post","link":"https:\/\/www.europesays.com\/pt\/132176\/","title":{"rendered":"Marcelo Falc\u00e3o anuncia pausa na carreira: \u201cSeguindo recomenda\u00e7\u00f5es m\u00e9dicas\u201d"},"content":{"rendered":"<p>O cantor Marcelo Falc\u00e3o cancelou toda a agenda de shows deste ano e est\u00e1 afastado dos palcos. A not\u00edcia foi divulgada por ele no Instagram na \u00faltima ter\u00e7a-feira, 28.<\/p>\n<p>Na rede social, o artista explicou que a pausa na carreira \u00e9 tempor\u00e1ria e foi orientada por um m\u00e9dico. A recomenda\u00e7\u00e3o \u00e9 que ele se recupere de uma cirurgia recente e retome os compromissos profissionais apenas em 2026.<\/p>\n<p>&#8220;Depois da cirurgia do ligamento cruzado da perna direita, o m\u00e9dico informou que s\u00f3 \u00e9 seguro voltar aos palcos em janeiro de 2026. Logo, seguindo recomenda\u00e7\u00f5es m\u00e9dicas, voltaremos assim que o ano virar!\u201d, detalhou.<\/p>\n<p>\u201cNos vemos em 2026. At\u00e9 breve\u201d, completou o cantor, que ainda alertou que \u201cqualquer informa\u00e7\u00e3o diferente dessa, possivelmente, \u00e9 uma publica\u00e7\u00e3o antiga\u201d.<\/p>\n<p>Veja Tamb\u00e9m<\/p>\n","protected":false},"excerpt":{"rendered":"O cantor Marcelo Falc\u00e3o cancelou toda a agenda de shows deste ano e est\u00e1 afastado dos palcos. A&hellip;\n","protected":false},"author":2,"featured_media":132177,"comment_status":"","ping_status":"","sticky":false,"template":"","format":"standard","meta":{"footnotes":""},"categories":[145],"tags":[3428,8161,211,210,5953,114,115,27218,150,7819,32,33,117],"class_list":{"0":"post-132176","1":"post","2":"type-post","3":"status-publish","4":"format-standard","5":"has-post-thumbnail","7":"category-celebridades","8":"tag-arte-agenda","9":"tag-carreira","10":"tag-celebridades","11":"tag-celebrities","12":"tag-cirurgia","13":"tag-entertainment","14":"tag-entretenimento","15":"tag-marcelo-falcao","16":"tag-musica","17":"tag-pausa","18":"tag-portugal","19":"tag-pt","20":"tag-saude"},"share_on_mastodon":{"url":"https:\/\/pubeurope.com\/@pt\/115461335443929612","error":""},"_links":{"self":[{"href":"https:\/\/www.europesays.com\/pt\/wp-json\/wp\/v2\/posts\/132176","targetHints":{"allow":["GET"]}}],"collection":[{"href":"https:\/\/www.europesays.com\/pt\/wp-json\/wp\/v2\/posts"}],"about":[{"href":"https:\/\/www.europesays.com\/pt\/wp-json\/wp\/v2\/types\/post"}],"author":[{"embeddable":true,"href":"https:\/\/www.europesays.com\/pt\/wp-json\/wp\/v2\/users\/2"}],"replies":[{"embeddable":true,"href":"https:\/\/www.europesays.com\/pt\/wp-json\/wp\/v2\/comments?post=132176"}],"version-history":[{"count":0,"href":"https:\/\/www.europesays.com\/pt\/wp-json\/wp\/v2\/posts\/132176\/revisions"}],"wp:featuredmedia":[{"embeddable":true,"href":"https:\/\/www.europesays.com\/pt\/wp-json\/wp\/v2\/media\/132177"}],"wp:attachment":[{"href":"https:\/\/www.europesays.com\/pt\/wp-json\/wp\/v2\/media?parent=132176"}],"wp:term":[{"taxonomy":"category","embeddable":true,"href":"https:\/\/www.europesays.com\/pt\/wp-json\/wp\/v2\/categories?post=132176"},{"taxonomy":"post_tag","embeddable":true,"href":"https:\/\/www.europesays.com\/pt\/wp-json\/wp\/v2\/tags?post=132176"}],"curies":[{"name":"wp","href":"https:\/\/api.w.org\/{rel}","templated":true}]}}