{"id":132190,"date":"2025-10-30T05:29:28","date_gmt":"2025-10-30T05:29:28","guid":{"rendered":"https:\/\/www.europesays.com\/pt\/132190\/"},"modified":"2025-10-30T05:29:28","modified_gmt":"2025-10-30T05:29:28","slug":"jornal-da-franca-consulta-medica-por-ia-especialista-alerta-sobre-os-riscos-da-pratica","status":"publish","type":"post","link":"https:\/\/www.europesays.com\/pt\/132190\/","title":{"rendered":"Jornal da Franca &#8211; Consulta m\u00e9dica por IA: especialista alerta sobre os riscos da pr\u00e1tica"},"content":{"rendered":"<p>\t                            <a class=\"mb-1\" href=\"https:\/\/api.whatsapp.com\/send?text=Olha essa Not\u00edcia no Jornal da Franca.%0D%0D*Consulta m\u00e9dica por IA: especialista alerta sobre os riscos da pr\u00e1tica*%0D%0Dclique na url abaixo%0Dhttps:\/\/www.jornaldafranca.com.br\/consulta-medica-por-ia-especialista-alerta-sobre-os-riscos-da-pratica\/\" target=\"_blank\" rel=\"nofollow noopener\"> compartilhar no whatsapp<\/a><\/p>\n<p>\t                            <a class=\"mb-1\" href=\"https:\/\/telegram.me\/share\/url?url=https:\/\/www.jornaldafranca.com.br\/consulta-medica-por-ia-especialista-alerta-sobre-os-riscos-da-pratica\/&amp;text=Olha essa Not\u00edcia no Jornal da Franca.\" target=\"_blank\" rel=\"nofollow noopener\"> compartilhar no telegram<\/a><\/p>\n<p>\t                            <a class=\"mb-1\" href=\"https:\/\/www.facebook.com\/sharer\/sharer.php?u=https:\/\/www.jornaldafranca.com.br\/consulta-medica-por-ia-especialista-alerta-sobre-os-riscos-da-pratica\/\" target=\"_blank\" rel=\"nofollow noopener\"> compartilhar no facebook<\/a><\/p>\n<p>\t                            <a class=\"mb-1\" href=\"https:\/\/www.linkedin.com\/shareArticle?mini=true&amp;url=https:\/\/www.jornaldafranca.com.br\/consulta-medica-por-ia-especialista-alerta-sobre-os-riscos-da-pratica\/&amp;title=Consulta m\u00e9dica por IA: especialista alerta sobre os riscos da pr\u00e1tica&amp;source=JORNAL DA FRANCA\" target=\"_blank\" rel=\"nofollow noopener\"> compartilhar no linkedin<\/a><\/p>\n<p>Com o Brasil entre os pa\u00edses que mais usam o ChatGPT no mundo, substituir o m\u00e9dico por IA \u00e9 uma conduta que pode agravar o quadro cl\u00ednico<\/p>\n<p><img decoding=\"async\" src=\"https:\/\/www.europesays.com\/pt\/wp-content\/uploads\/2025\/10\/exame-medico.jpg\" alt=\"\"\/><\/p>\n<p>Nada substitui a presen\u00e7a do profissional, a conversa, a identifica\u00e7\u00e3o da hist\u00f3ria e das queixas do paciente, al\u00e9m do exame f\u00edsico (Foto Arquivo)<\/p>\n<p>\u00a0<\/p>\n<p>O uso da Intelig\u00eancia Artificial vem crescendo em ritmo acelerado no Brasil. Segundo dados recentes divulgados pela OpenAI, o pa\u00eds est\u00e1 entre os tr\u00eas que mais utilizam o ChatGPT semanalmente, atr\u00e1s apenas de Estados Unidos e \u00cdndia.<\/p>\n<p>Globalmente, os usu\u00e1rios enviam mais de 2 bilh\u00f5es de comandos por dia, sendo 140 milh\u00f5es de mensagens di\u00e1rias apenas no Brasil.<\/p>\n<p>Em meio a esse cen\u00e1rio, cresce tamb\u00e9m a preocupa\u00e7\u00e3o com o uso indevido da tecnologia para fins m\u00e9dicos, especialmente por pessoas que recorrem a IA para \u201cconsultas\u201d ou diagn\u00f3sticos.<\/p>\n<p><strong>Consulta por IA: especialista alerta para os riscos<\/strong><\/p>\n<p>De acordo com Ana Cristina Albricker, coordenadora e professora do curso de Medicina do Centro Universit\u00e1rio UniBH \u2013 integrante do maior e mais inovador ecossistema de qualidade do Brasil, o Ecossistema \u00c2nima \u2013 \u00e9 fundamental compreender que a IA n\u00e3o substitui a consulta m\u00e9dica.<\/p>\n<p>\u201cA intelig\u00eancia artificial veio para facilitar muitos processos e chegou para ficar, mas o risco surge quando ela passa a substituir o atendimento profissional. Uma escola de medicina existe justamente para formar m\u00e9dicos preparados para lidar com o ser humano em sua integralidade\u201d, afirma.<\/p>\n<p><strong>IA e medicina: nada substitui a presen\u00e7a do profissional<\/strong><\/p>\n<p>A m\u00e9dica explica ainda que o contato presencial continua sendo o ponto mais importante de qualquer diagn\u00f3stico.<\/p>\n<p>\u201cNada substitui a presen\u00e7a do profissional, a conversa, a identifica\u00e7\u00e3o da hist\u00f3ria e das queixas do paciente, al\u00e9m do exame f\u00edsico. Esses elementos s\u00e3o indispens\u00e1veis para uma avalia\u00e7\u00e3o segura\u201d, pontua.<\/p>\n<p><strong>Cautela na confian\u00e7a<\/strong><\/p>\n<p>Entre os riscos mais comuns do uso da IA como ferramenta diagn\u00f3stica, Ana Cristina destaca o erro terap\u00eautico e o agravamento de quadros cl\u00ednicos.<\/p>\n<p>\u201cO paciente jamais deve confiar em diagn\u00f3sticos ou receitas prescritas por qualquer IA. Medicamentos e prescri\u00e7\u00f5es s\u00e3o individualizados e s\u00f3 o m\u00e9dico respons\u00e1vel \u00e9 capaz de definir o tratamento adequado, levando em conta as especificidades de cada pessoa\u201d, alerta.<\/p>\n<p>Ela tamb\u00e9m lembra que as plataformas podem sofrer com falhas e \u2018alucina\u00e7\u00f5es\u2019, quando o sistema cria informa\u00e7\u00f5es falsas com apar\u00eancia de verdade.<\/p>\n<p>\u201cSe o paciente seguir orienta\u00e7\u00f5es de uma IA sem valida\u00e7\u00e3o m\u00e9dica, h\u00e1 grande risco de seu quadro cl\u00ednico se agravar, especialmente quando o conte\u00fado vem de fontes sem credibilidade\u201d, refor\u00e7a.<\/p>\n<p>Fonte: <strong>Alto Astral<\/strong><\/p>\n","protected":false},"excerpt":{"rendered":"compartilhar no whatsapp compartilhar no telegram compartilhar no facebook compartilhar no linkedin Com o Brasil entre os pa\u00edses&hellip;\n","protected":false},"author":2,"featured_media":132191,"comment_status":"","ping_status":"","sticky":false,"template":"","format":"standard","meta":{"footnotes":""},"categories":[86],"tags":[29979,29980,116,933,3226,32,33,117],"class_list":{"0":"post-132190","1":"post","2":"type-post","3":"status-publish","4":"format-standard","5":"has-post-thumbnail","7":"category-saude","8":"tag-consulta-medica-por-inteligencia-artificial","9":"tag-consulta-medica-presencial","10":"tag-health","11":"tag-inteligencia-artificial","12":"tag-jornal-da-franca","13":"tag-portugal","14":"tag-pt","15":"tag-saude"},"share_on_mastodon":{"url":"https:\/\/pubeurope.com\/@pt\/115461473376194039","error":""},"_links":{"self":[{"href":"https:\/\/www.europesays.com\/pt\/wp-json\/wp\/v2\/posts\/132190","targetHints":{"allow":["GET"]}}],"collection":[{"href":"https:\/\/www.europesays.com\/pt\/wp-json\/wp\/v2\/posts"}],"about":[{"href":"https:\/\/www.europesays.com\/pt\/wp-json\/wp\/v2\/types\/post"}],"author":[{"embeddable":true,"href":"https:\/\/www.europesays.com\/pt\/wp-json\/wp\/v2\/users\/2"}],"replies":[{"embeddable":true,"href":"https:\/\/www.europesays.com\/pt\/wp-json\/wp\/v2\/comments?post=132190"}],"version-history":[{"count":0,"href":"https:\/\/www.europesays.com\/pt\/wp-json\/wp\/v2\/posts\/132190\/revisions"}],"wp:featuredmedia":[{"embeddable":true,"href":"https:\/\/www.europesays.com\/pt\/wp-json\/wp\/v2\/media\/132191"}],"wp:attachment":[{"href":"https:\/\/www.europesays.com\/pt\/wp-json\/wp\/v2\/media?parent=132190"}],"wp:term":[{"taxonomy":"category","embeddable":true,"href":"https:\/\/www.europesays.com\/pt\/wp-json\/wp\/v2\/categories?post=132190"},{"taxonomy":"post_tag","embeddable":true,"href":"https:\/\/www.europesays.com\/pt\/wp-json\/wp\/v2\/tags?post=132190"}],"curies":[{"name":"wp","href":"https:\/\/api.w.org\/{rel}","templated":true}]}}