{"id":132194,"date":"2025-10-30T05:36:11","date_gmt":"2025-10-30T05:36:11","guid":{"rendered":"https:\/\/www.europesays.com\/pt\/132194\/"},"modified":"2025-10-30T05:36:11","modified_gmt":"2025-10-30T05:36:11","slug":"bernardo-sousa-celebra-conquista-marcante-e-bruna-gomes-nao-fica-indiferente-secret-story","status":"publish","type":"post","link":"https:\/\/www.europesays.com\/pt\/132194\/","title":{"rendered":"Bernardo Sousa celebra conquista marcante: e Bruna Gomes n\u00e3o fica indiferente &#8211; Secret Story"},"content":{"rendered":"<p><strong>Bernardo Sousa <\/strong>celebrou uma nova conquista. O<a href=\"https:\/\/tvi.iol.pt\/secretstory\/bruna-gomes\/bernardo-sousa\/bruna-gomes-e-bernardo-sousa-voltam-aos-reality-shows-a-prova-que-esta-a-dar-que-falar\" rel=\"nofollow noopener\" target=\"_blank\"> <strong>ex-concorrente do Big Brother Famosos<\/strong><\/a> venceu o pr\u00e9mio<strong> &#8216;Personalidade de Excel\u00eancia&#8217; <\/strong>na categoria de desporto da Superbrands e assinalou o feito nas redes sociais.\u00a0<\/p>\n<p>No Instagram, Bernardo Sousa partilhou um conjunto de fotografias do momento em que foi premiado. \u00ab<strong>Vencemos o pr\u00e9mio \u2018Personalidade de Excel\u00eancia\u2019 na categoria de desporto da\u00a0<a href=\"https:\/\/www.instagram.com\/superbrandsportugal\/\" role=\"link\" tabindex=\"0\" rel=\"nofollow noopener\" target=\"_blank\">@superbrandsportugal<\/a>. Obrigado a todos os que votaram\u00bb,<\/strong> escreveu na legenda da publica\u00e7\u00e3o.<\/p>\n<p>Na sec\u00e7\u00e3o de coment\u00e1rios, multiplicam-se as mensagens de parab\u00e9ns dirigidas a Bernardo Sousa, mas uma em particular chama a aten\u00e7\u00e3o: a de <strong><a href=\"https:\/\/tvi.iol.pt\/secretstory\/fotos\/imperdivel-todas-as-imagens-da-casa-de-sonho-de-bruna-gomes-e-bernardo-sousa\/68d66040d34ee0c2fed09141\" rel=\"nofollow noopener\" target=\"_blank\">Bruna Gomes, mulher do piloto<\/a>. \u00abQue felicidade!\u00bb<\/strong>, declarou a comentadora das galas de <strong>Secret Story &#8211; Casa dos Segredos.<\/strong><\/p>\n<p><strong>Pode ver aqui:<\/strong><\/p>\n<blockquote class=\"instagram-media\" data-instgrm-captioned=\"\" data-instgrm-permalink=\"https:\/\/www.instagram.com\/p\/DQXk2AWCPC2\/?utm_source=ig_embed&amp;utm_campaign=loading\" data-instgrm-version=\"14\" style=\" background:#FFF; border:0; border-radius:3px; box-shadow:0 0 1px 0 rgba(0,0,0,0.5),0 1px 10px 0 rgba(0,0,0,0.15); margin: 1px; max-width:540px; min-width:326px; padding:0; width:99.375%; width:-webkit-calc(100% - 2px); width:calc(100% - 2px);\">\n<\/blockquote>\n<p>                        <script async src=\"\/\/www.instagram.com\/embed.js\"><\/script><\/p>\n","protected":false},"excerpt":{"rendered":"Bernardo Sousa celebrou uma nova conquista. O ex-concorrente do Big Brother Famosos venceu o pr\u00e9mio &#8216;Personalidade de Excel\u00eancia&#8217;&hellip;\n","protected":false},"author":2,"featured_media":132195,"comment_status":"","ping_status":"","sticky":false,"template":"","format":"standard","meta":{"footnotes":""},"categories":[145],"tags":[18706,1040,800,211,210,13903,114,115,18705,32,33,18704],"class_list":{"0":"post-132194","1":"post","2":"type-post","3":"status-publish","4":"format-standard","5":"has-post-thumbnail","7":"category-celebridades","8":"tag-bastidores-secret-story","9":"tag-bernardo-sousa","10":"tag-bruna-gomes","11":"tag-celebridades","12":"tag-celebrities","13":"tag-conquista","14":"tag-entertainment","15":"tag-entretenimento","16":"tag-entrevistas-concorrentes-tvi","17":"tag-portugal","18":"tag-pt","19":"tag-vida-fora-da-casa"},"share_on_mastodon":{"url":"https:\/\/pubeurope.com\/@pt\/115461500642678149","error":""},"_links":{"self":[{"href":"https:\/\/www.europesays.com\/pt\/wp-json\/wp\/v2\/posts\/132194","targetHints":{"allow":["GET"]}}],"collection":[{"href":"https:\/\/www.europesays.com\/pt\/wp-json\/wp\/v2\/posts"}],"about":[{"href":"https:\/\/www.europesays.com\/pt\/wp-json\/wp\/v2\/types\/post"}],"author":[{"embeddable":true,"href":"https:\/\/www.europesays.com\/pt\/wp-json\/wp\/v2\/users\/2"}],"replies":[{"embeddable":true,"href":"https:\/\/www.europesays.com\/pt\/wp-json\/wp\/v2\/comments?post=132194"}],"version-history":[{"count":0,"href":"https:\/\/www.europesays.com\/pt\/wp-json\/wp\/v2\/posts\/132194\/revisions"}],"wp:featuredmedia":[{"embeddable":true,"href":"https:\/\/www.europesays.com\/pt\/wp-json\/wp\/v2\/media\/132195"}],"wp:attachment":[{"href":"https:\/\/www.europesays.com\/pt\/wp-json\/wp\/v2\/media?parent=132194"}],"wp:term":[{"taxonomy":"category","embeddable":true,"href":"https:\/\/www.europesays.com\/pt\/wp-json\/wp\/v2\/categories?post=132194"},{"taxonomy":"post_tag","embeddable":true,"href":"https:\/\/www.europesays.com\/pt\/wp-json\/wp\/v2\/tags?post=132194"}],"curies":[{"name":"wp","href":"https:\/\/api.w.org\/{rel}","templated":true}]}}