{"id":132208,"date":"2025-10-30T06:04:23","date_gmt":"2025-10-30T06:04:23","guid":{"rendered":"https:\/\/www.europesays.com\/pt\/132208\/"},"modified":"2025-10-30T06:04:23","modified_gmt":"2025-10-30T06:04:23","slug":"na-festa-de-margarida-corceiro-so-olhamos-para-as-unhas-de-inverno","status":"publish","type":"post","link":"https:\/\/www.europesays.com\/pt\/132208\/","title":{"rendered":"Na festa de Margarida Corceiro\u2026 s\u00f3 olhamos para as unhas de inverno"},"content":{"rendered":"<p><a href=\"https:\/\/versa.iol.pt\/margarida-corceiro\/mala\/carteira-de-margarida-corceiro-e-para-usar-todos-os-dias-parfois-ou-bottega-venneta\/20251020\/68f63afbd34ee0c2fed174d4\" rel=\"nofollow noopener\" target=\"_blank\">Margarida Corceiro celebrou<\/a>, no passado domingo, 26 de outubro, mais um anivers\u00e1rio, o 23.\u00ba. Decidiu celebrar a ocasi\u00e3o em Londres, no Reino Unido, com um look especial, composto por um fato vermelho e oversized\u00a0de <a href=\"https:\/\/versa.iol.pt\/modalisboa\/goncalo-peixoto\/se-tivessemos-de-vestir-a-mulher-dos-anos-30-ou-40-como-se-vestiria-em-goncalo-peixoto\/20251004\/68d14f08d34e58bc6796066c\" rel=\"nofollow noopener\" target=\"_blank\">Gon\u00e7alo Peixoto, o designer portugu\u00eas com quem tem uma rela\u00e7\u00e3o pr\u00f3xima<\/a>.<\/p>\n<p>E, claro, apesar do fato chamar a aten\u00e7\u00e3o, especialmente pela cor, mas tamb\u00e9m por seguir uma das maiores tend\u00eancias do momento, o estampado \u00e0s riscas, os nossos olhos ficaram colados na mais recente manicure da atriz portuguesa.\u00a0<\/p>\n<blockquote class=\"instagram-media\" data-instgrm-captioned=\"\" data-instgrm-permalink=\"https:\/\/www.instagram.com\/p\/DQSEt7TDNS5\/?utm_source=ig_embed&amp;utm_campaign=loading\" data-instgrm-version=\"14\" style=\" background:#FFF; border:0; border-radius:3px; box-shadow:0 0 1px 0 rgba(0,0,0,0.5),0 1px 10px 0 rgba(0,0,0,0.15); margin: 1px; max-width:540px; min-width:326px; padding:0; width:99.375%; width:-webkit-calc(100% - 2px); width:calc(100% - 2px);\">\n<\/blockquote>\n<p>\u00a0<\/p>\n<p>Porqu\u00ea? Margarida escolheu pintar as unhas de preto. \u00c9, sem d\u00favida, uma cor cl\u00e1ssica, intemporal e ideal para os pr\u00f3ximos dias cinzentos e chuvosos de outono e inverno. Tamb\u00e9m pode ser <a href=\"https:\/\/versa.iol.pt\/unhas-de-gel\/halloween\/estas-sao-as-unhas-de-gel-que-tens-mesmo-de-fazer-esta-semana\/20251027\/68ff8d10d34e58bc67975bd0\" rel=\"nofollow noopener\" target=\"_blank\">\u00f3tima para o Halloween, ou Dia das Bruxas, celebrado a 31 de outubro<\/a>.\u00a0<\/p>\n<p>Trata-se de uma manicure com um estilo mais\u00a0vampy, como a que foi <a href=\"https:\/\/versa.iol.pt\/unhas-de-gel\/nicole-kidman\/a-cor-tendencia-de-unhas-acaba-de-mudar-e-nao-e-aquilo-que-esperas\/20250718\/687906a1d34ef72ee4486ec1\" rel=\"nofollow noopener\" target=\"_blank\">escolhida por Nicole Kidman recentemente<\/a>, ou seja escura e ultra elegante que representa os dias t\u00edpicos da esta\u00e7\u00e3o.\u00a0<\/p>\n<p>Fomos procurar ideais para as unhas que usam esta cor e encontr\u00e1mos muitas refer\u00eancias desde as mais simples a outras com nail art complexa. Podes espreitar estas e outras sugest\u00f5es para os pr\u00f3ximos meses na galeria de imagens.\u00a0<\/p>\n<p>                            <script async src=\"\/\/www.instagram.com\/embed.js\"><\/script><\/p>\n","protected":false},"excerpt":{"rendered":"Margarida Corceiro celebrou, no passado domingo, 26 de outubro, mais um anivers\u00e1rio, o 23.\u00ba. Decidiu celebrar a ocasi\u00e3o&hellip;\n","protected":false},"author":2,"featured_media":132209,"comment_status":"","ping_status":"","sticky":false,"template":"","format":"standard","meta":{"footnotes":""},"categories":[145],"tags":[1081,211,210,204,114,115,754,186,4260,719,1079,32,33,4258,4259,1078,1080],"class_list":{"0":"post-132208","1":"post","2":"type-post","3":"status-publish","4":"format-standard","5":"has-post-thumbnail","7":"category-celebridades","8":"tag-beleza","9":"tag-celebridades","10":"tag-celebrities","11":"tag-design","12":"tag-entertainment","13":"tag-entretenimento","14":"tag-gastronomia","15":"tag-lifestyle","16":"tag-manicure","17":"tag-margarida-corceiro","18":"tag-moda","19":"tag-portugal","20":"tag-pt","21":"tag-unhas","22":"tag-unhas-de-gel","23":"tag-versa","24":"tag-viagens"},"share_on_mastodon":{"url":"https:\/\/pubeurope.com\/@pt\/115461610747431567","error":""},"_links":{"self":[{"href":"https:\/\/www.europesays.com\/pt\/wp-json\/wp\/v2\/posts\/132208","targetHints":{"allow":["GET"]}}],"collection":[{"href":"https:\/\/www.europesays.com\/pt\/wp-json\/wp\/v2\/posts"}],"about":[{"href":"https:\/\/www.europesays.com\/pt\/wp-json\/wp\/v2\/types\/post"}],"author":[{"embeddable":true,"href":"https:\/\/www.europesays.com\/pt\/wp-json\/wp\/v2\/users\/2"}],"replies":[{"embeddable":true,"href":"https:\/\/www.europesays.com\/pt\/wp-json\/wp\/v2\/comments?post=132208"}],"version-history":[{"count":0,"href":"https:\/\/www.europesays.com\/pt\/wp-json\/wp\/v2\/posts\/132208\/revisions"}],"wp:featuredmedia":[{"embeddable":true,"href":"https:\/\/www.europesays.com\/pt\/wp-json\/wp\/v2\/media\/132209"}],"wp:attachment":[{"href":"https:\/\/www.europesays.com\/pt\/wp-json\/wp\/v2\/media?parent=132208"}],"wp:term":[{"taxonomy":"category","embeddable":true,"href":"https:\/\/www.europesays.com\/pt\/wp-json\/wp\/v2\/categories?post=132208"},{"taxonomy":"post_tag","embeddable":true,"href":"https:\/\/www.europesays.com\/pt\/wp-json\/wp\/v2\/tags?post=132208"}],"curies":[{"name":"wp","href":"https:\/\/api.w.org\/{rel}","templated":true}]}}