{"id":132214,"date":"2025-10-30T06:19:08","date_gmt":"2025-10-30T06:19:08","guid":{"rendered":"https:\/\/www.europesays.com\/pt\/132214\/"},"modified":"2025-10-30T06:19:08","modified_gmt":"2025-10-30T06:19:08","slug":"susan-boyle-irreconhecivel-surpreende-tudo-e-todos-com-mudanca-de-visual-radical","status":"publish","type":"post","link":"https:\/\/www.europesays.com\/pt\/132214\/","title":{"rendered":"Susan Boyle &#8211; Irreconhec\u00edvel! Surpreende tudo e todos com mudan\u00e7a de visual radical"},"content":{"rendered":"<p><strong>Susan Boyle<\/strong> \u00e9 certamente um nome que poucos n\u00e3o se lembrar\u00e3o. A cantora escocesa, que fez furor em 2009 no <strong><a href=\"https:\/\/www.novagente.pt\/ela-esta-de-volta-susan-boyle-regressa-competicoes-e-deixa-simon-cowell-de-boca-aberta\" target=\"_blank\" rel=\"nofollow noopener\">Britain\u2019s Got Talent<\/a>,<\/strong> com a m\u00fasica &#8220;I Dreamed a Dream&#8221;.<\/p>\n<p>Apesar de n\u00e3o ter vencido o programa, a verdade \u00e9 que foi uma enorme rampa de lan\u00e7amento e tornou-se um fen\u00f3meno de popularidade, o que lhe levou a pouco tempo depois a lan\u00e7ar um \u00e1lbum com o mesmo nome. Em v\u00e1rios pa\u00edses, atingiu o primeiro lugar de vendas.<\/p>\n<p>Agora, muitos anos ap\u00f3s esse hit, a artista volta a estar nas bocas do mundo. Desta vez, n\u00e3o pela sua inconfund\u00edvel voz mas sim pela <strong>mudan\u00e7a radical de visual<\/strong> nos Pride of Britain Awards 2025.<\/p>\n<p>Susan Boyle est\u00e1 muito diferente<\/p>\n<p>Os carac\u00f3is castanhos deram lugar a um cabelo loiro e liso, cortado acima dos ombros e complementado por uma franja moderna. A mudan\u00e7a est\u00e1 aprovada j\u00e1 que Susan Boyle pareceu mais jovem e mais sofisticada.<\/p>\n<p>Pouco depois da cerim\u00f3nia, a escocesa partilhou os registos do evento no Instagram, onde rapidamente os f\u00e3s encheram a caixa de coment\u00e1rios com muitos elogios. \u201cEst\u00e1s linda e o teu cabelo est\u00e1 fabuloso\u201d, \u201cdiva\u201d, \u201cbela\u201d e \u201cdeslumbrante\u201d.<\/p>\n<p>Texto: Tom\u00e1s Casc\u00e3o; Fotos: Redes sociais<\/p>\n<p class=\"intagram-text\">Siga a Nova Gente no Instagram<\/p>\n<p>                        <a href=\"https:\/\/www.instagram.com\/revistanovagente\/\" target=\"_blank\" aria-label=\"instagram\" rel=\"noopener nofollow\"><img decoding=\"async\" style=\"display: block; margin-left: auto; margin-right: auto; width: 250px; height: 83px;\" src=\"https:\/\/www.europesays.com\/pt\/wp-content\/uploads\/2025\/10\/Instagram_NG.png\" alt=\"instagram\"\/><\/a><br \/>\n                    <script async src=\"\/\/www.instagram.com\/embed.js\"><\/script><\/p>\n","protected":false},"excerpt":{"rendered":"Susan Boyle \u00e9 certamente um nome que poucos n\u00e3o se lembrar\u00e3o. A cantora escocesa, que fez furor em&hellip;\n","protected":false},"author":2,"featured_media":132215,"comment_status":"","ping_status":"","sticky":false,"template":"","format":"standard","meta":{"footnotes":""},"categories":[145],"tags":[211,210,114,115,32,33,28771],"class_list":{"0":"post-132214","1":"post","2":"type-post","3":"status-publish","4":"format-standard","5":"has-post-thumbnail","7":"category-celebridades","8":"tag-celebridades","9":"tag-celebrities","10":"tag-entertainment","11":"tag-entretenimento","12":"tag-portugal","13":"tag-pt","14":"tag-susan-boyle"},"share_on_mastodon":{"url":"https:\/\/pubeurope.com\/@pt\/115461669966399370","error":""},"_links":{"self":[{"href":"https:\/\/www.europesays.com\/pt\/wp-json\/wp\/v2\/posts\/132214","targetHints":{"allow":["GET"]}}],"collection":[{"href":"https:\/\/www.europesays.com\/pt\/wp-json\/wp\/v2\/posts"}],"about":[{"href":"https:\/\/www.europesays.com\/pt\/wp-json\/wp\/v2\/types\/post"}],"author":[{"embeddable":true,"href":"https:\/\/www.europesays.com\/pt\/wp-json\/wp\/v2\/users\/2"}],"replies":[{"embeddable":true,"href":"https:\/\/www.europesays.com\/pt\/wp-json\/wp\/v2\/comments?post=132214"}],"version-history":[{"count":0,"href":"https:\/\/www.europesays.com\/pt\/wp-json\/wp\/v2\/posts\/132214\/revisions"}],"wp:featuredmedia":[{"embeddable":true,"href":"https:\/\/www.europesays.com\/pt\/wp-json\/wp\/v2\/media\/132215"}],"wp:attachment":[{"href":"https:\/\/www.europesays.com\/pt\/wp-json\/wp\/v2\/media?parent=132214"}],"wp:term":[{"taxonomy":"category","embeddable":true,"href":"https:\/\/www.europesays.com\/pt\/wp-json\/wp\/v2\/categories?post=132214"},{"taxonomy":"post_tag","embeddable":true,"href":"https:\/\/www.europesays.com\/pt\/wp-json\/wp\/v2\/tags?post=132214"}],"curies":[{"name":"wp","href":"https:\/\/api.w.org\/{rel}","templated":true}]}}