{"id":132235,"date":"2025-10-30T07:04:16","date_gmt":"2025-10-30T07:04:16","guid":{"rendered":"https:\/\/www.europesays.com\/pt\/132235\/"},"modified":"2025-10-30T07:04:16","modified_gmt":"2025-10-30T07:04:16","slug":"um-dos-suspeitos-do-choque-fatal-que-matou-gnr-transportava-50-mil-euros","status":"publish","type":"post","link":"https:\/\/www.europesays.com\/pt\/132235\/","title":{"rendered":"Um dos suspeitos do choque fatal que matou GNR transportava 50 mil euros"},"content":{"rendered":"<p data-remotead-prev-elm=\"true\" data-remotead-elm-id=\"inread\">Dois homens, de nacionalidade espanhola, foram identificados, ter\u00e7a-feira \u00e0 tarde, pela GNR, junto \u00e0 ponte internacional do Rio Guadiana. Ambos referenciados por tr\u00e1fico, s\u00e3o suspeitos de estarem envolvidos no choque entre a narcolancha e a embarca\u00e7\u00e3o da Unidade de Controlo Costeiro e de Fronteiras (UCCF) da Guarda, que provocou a morte de um militar e feriu outros tr\u00eas, no rio Guadiana, segunda-feira \u00e0 noite.<\/p>\n","protected":false},"excerpt":{"rendered":"Dois homens, de nacionalidade espanhola, foram identificados, ter\u00e7a-feira \u00e0 tarde, pela GNR, junto \u00e0 ponte internacional do Rio&hellip;\n","protected":false},"author":2,"featured_media":132236,"comment_status":"","ping_status":"","sticky":false,"template":"","format":"standard","meta":{"footnotes":""},"categories":[10],"tags":[27,28,30000,15,16,2002,14,603,25,26,21,22,7808,12,13,19,20,32,23,24,33,17,18,29,30,31],"class_list":{"0":"post-132235","1":"post","2":"type-post","3":"status-publish","4":"format-standard","5":"has-post-thumbnail","7":"category-portugal","8":"tag-breaking-news","9":"tag-breakingnews","10":"tag-castro-marim","11":"tag-featured-news","12":"tag-featurednews","13":"tag-gnr","14":"tag-headlines","15":"tag-justica","16":"tag-latest-news","17":"tag-latestnews","18":"tag-main-news","19":"tag-mainnews","20":"tag-narcotrafico","21":"tag-news","22":"tag-noticias","23":"tag-noticias-principais","24":"tag-noticiasprincipais","25":"tag-portugal","26":"tag-principais-noticias","27":"tag-principaisnoticias","28":"tag-pt","29":"tag-top-stories","30":"tag-topstories","31":"tag-ultimas","32":"tag-ultimas-noticias","33":"tag-ultimasnoticias"},"share_on_mastodon":{"url":"https:\/\/pubeurope.com\/@pt\/115461846682267310","error":""},"_links":{"self":[{"href":"https:\/\/www.europesays.com\/pt\/wp-json\/wp\/v2\/posts\/132235","targetHints":{"allow":["GET"]}}],"collection":[{"href":"https:\/\/www.europesays.com\/pt\/wp-json\/wp\/v2\/posts"}],"about":[{"href":"https:\/\/www.europesays.com\/pt\/wp-json\/wp\/v2\/types\/post"}],"author":[{"embeddable":true,"href":"https:\/\/www.europesays.com\/pt\/wp-json\/wp\/v2\/users\/2"}],"replies":[{"embeddable":true,"href":"https:\/\/www.europesays.com\/pt\/wp-json\/wp\/v2\/comments?post=132235"}],"version-history":[{"count":0,"href":"https:\/\/www.europesays.com\/pt\/wp-json\/wp\/v2\/posts\/132235\/revisions"}],"wp:featuredmedia":[{"embeddable":true,"href":"https:\/\/www.europesays.com\/pt\/wp-json\/wp\/v2\/media\/132236"}],"wp:attachment":[{"href":"https:\/\/www.europesays.com\/pt\/wp-json\/wp\/v2\/media?parent=132235"}],"wp:term":[{"taxonomy":"category","embeddable":true,"href":"https:\/\/www.europesays.com\/pt\/wp-json\/wp\/v2\/categories?post=132235"},{"taxonomy":"post_tag","embeddable":true,"href":"https:\/\/www.europesays.com\/pt\/wp-json\/wp\/v2\/tags?post=132235"}],"curies":[{"name":"wp","href":"https:\/\/api.w.org\/{rel}","templated":true}]}}