{"id":132243,"date":"2025-10-30T07:20:19","date_gmt":"2025-10-30T07:20:19","guid":{"rendered":"https:\/\/www.europesays.com\/pt\/132243\/"},"modified":"2025-10-30T07:20:19","modified_gmt":"2025-10-30T07:20:19","slug":"vini-jr-e-virginia-alcancam-marcas-expressivas-apos-anuncio-do-namoro-veja","status":"publish","type":"post","link":"https:\/\/www.europesays.com\/pt\/132243\/","title":{"rendered":"Vini Jr e Virginia alcan\u00e7am marcas expressivas ap\u00f3s an\u00fancio do namoro; veja"},"content":{"rendered":"<p class=\"w-full text-lg font-krub text-gray-500 leading-30\">O jogador de futebol <strong class=\"font-bold\"><a href=\"https:\/\/www.lance.com.br\/fora-de-campo\/vasco-e-diniz-viram-assunto-em-pedido-de-namoro-de-vini-jr-e-virginia.html\" class=\"font-bold break-normal hover:underline\" style=\"color:var(--green-lance)\" rel=\"nofollow noopener\" target=\"_blank\">Vini Jr. e a influenciadora Virginia Fonseca oficializaram seu relacionamento com uma publica\u00e7\u00e3o conjunta no Instagram<\/a><\/strong>. O an\u00fancio ocorreu nessa ter\u00e7a-feira (28), gerando n\u00fameros expressivos de engajamento nas plataformas digitais do casal. A postagem ultrapassou 11 milh\u00f5es de curtidas e acumulou mais de 1 milh\u00e3o de coment\u00e1rios.<\/p>\n<p>continua ap\u00f3s a publicidade<\/p>\n<p class=\"w-full text-lg font-krub text-gray-500 leading-30\">\ud83d\udcf2<strong class=\"font-bold\"><a href=\"https:\/\/whatsapp.com\/channel\/0029Va7p95rBfxoAiHM8Ob0m?utm_source=cta&amp;utm_medium=whatsappforadecampo&amp;utm_id=whatsapp\" class=\"font-bold break-normal hover:underline\" style=\"color:var(--green-lance)\" target=\"_blank\" rel=\"nofollow noopener\">\u00a0Siga o Lance! Fora de Campo no WhatsApp e saiba o que rola fora das 4 linhas<\/a><\/strong><\/p>\n<p class=\"w-full text-lg font-krub text-gray-500 leading-30\">O impacto do novo relacionamento j\u00e1 se reflete nos perfis digitais de ambos. Dados do site Social Blade mostram que Vini Jr. ganhou mais de 3 milh\u00f5es de novos seguidores somando Instagram e TikTok. Virginia tamb\u00e9m expandiu sua base de f\u00e3s, conquistando mais de 1 milh\u00e3o de novos seguidores nas mesmas plataformas.<\/p>\n<p>Do que \u00e9 feita a fortuna de Vini Jr e Virginia?<\/p>\n<p class=\"w-full text-lg font-krub text-gray-500 leading-30\"><strong class=\"font-bold\">Texto por: <a href=\"https:\/\/www.lance.com.br\/autor\/fernanda-gondim\" class=\"font-bold break-normal hover:underline\" style=\"color:var(--green-lance)\" rel=\"nofollow noopener\" target=\"_blank\">Fernanda Gondim<\/a><\/strong><\/p>\n<p class=\"w-full text-lg font-krub text-gray-500 leading-30\">A uni\u00e3o de Vini Jr e Virginia Fonseca combina dois empreendimentos comerciais bem-sucedidos, cada um com forte presen\u00e7a em seus respectivos mercados &#8211; esportivo e digital.\u00a0<strong class=\"font-bold\">O<\/strong> atacante do Real Madrid e a influenciadora integram o grupo dos dez brasileiros com maior alcance nas redes sociais, o que potencializa seu impacto midi\u00e1tico e comercial.<\/p>\n<p>continua ap\u00f3s a publicidade<\/p>\n<p>A fortuna de Vini Jr<\/p>\n<p class=\"w-full text-lg font-krub text-gray-500 leading-30\">Vinicius Junior, 25 anos, est\u00e1 entre os atletas com maior remunera\u00e7\u00e3o no mundo. A Forbes o classifica como o sexto jogador de futebol com maior rendimento global e o 46\u00ba esportista mais bem pago, com ganhos anuais de US$ 60 milh\u00f5es. Desse total, US$ 40 milh\u00f5es s\u00e3o provenientes de sua atua\u00e7\u00e3o no Real Madrid, e o restante deriva de acordos comerciais.<\/p>\n<p>A fortuna de Virginia Fonseca:<\/p>\n<p class=\"w-full text-lg font-krub text-gray-500 leading-30\">Virginia Fonseca lidera o cen\u00e1rio digital brasileiro com mais de 50 milh\u00f5es de seguidores nas redes sociais, sendo a influenciadora mais seguida do pa\u00eds e uma das maiores do mundo. Publica\u00e7\u00f5es patrocinadas em suas plataformas podem atingir valores de centenas de milhares de reais.<\/p>\n<p>continua ap\u00f3s a publicidade<\/p>\n<p class=\"w-full text-lg font-krub text-gray-500 leading-30\">A WePink, marca de cosm\u00e9ticos fundada por Virginia em 2021, constitui sua principal fonte de renda. Em depoimento \u00e0 CPI das Bets em 2024, a influenciadora informou que a empresa alcan\u00e7a faturamento anual superior a R$ 750 milh\u00f5es.<\/p>\n<p class=\"w-full text-lg font-krub text-gray-500 leading-30\">O portf\u00f3lio empresarial de Virginia abrange participa\u00e7\u00f5es societ\u00e1rias em outras empresas do segmento feminino e parcerias com grandes marcas, multinacionais do setor de beleza e lifestyle.<\/p>\n<p><img alt=\"Vini Jr e Virg\u00ednia assumem namoro. (Foto: Divulga\u00e7\u00e3o\/Instagram\/ViniJR)\" loading=\"lazy\" width=\"850\" height=\"530\" decoding=\"async\" data-nimg=\"1\" class=\"w-full rounded-lg\" style=\"color:transparent\" src=\"https:\/\/www.europesays.com\/pt\/wp-content\/uploads\/2025\/10\/Vini-Jr-e-Virginia-1.png\"\/>Vini Jr e Virg\u00ednia assumem namoro. (Foto: Divulga\u00e7\u00e3o\/Instagram\/ViniJR)<\/p>\n","protected":false},"excerpt":{"rendered":"O jogador de futebol Vini Jr. e a influenciadora Virginia Fonseca oficializaram seu relacionamento com uma publica\u00e7\u00e3o conjunta&hellip;\n","protected":false},"author":2,"featured_media":132244,"comment_status":"","ping_status":"","sticky":false,"template":"","format":"standard","meta":{"footnotes":""},"categories":[145],"tags":[211,210,114,115,32,33,3126],"class_list":{"0":"post-132243","1":"post","2":"type-post","3":"status-publish","4":"format-standard","5":"has-post-thumbnail","7":"category-celebridades","8":"tag-celebridades","9":"tag-celebrities","10":"tag-entertainment","11":"tag-entretenimento","12":"tag-portugal","13":"tag-pt","14":"tag-vini-jr"},"share_on_mastodon":{"url":"https:\/\/pubeurope.com\/@pt\/115461909800647824","error":""},"_links":{"self":[{"href":"https:\/\/www.europesays.com\/pt\/wp-json\/wp\/v2\/posts\/132243","targetHints":{"allow":["GET"]}}],"collection":[{"href":"https:\/\/www.europesays.com\/pt\/wp-json\/wp\/v2\/posts"}],"about":[{"href":"https:\/\/www.europesays.com\/pt\/wp-json\/wp\/v2\/types\/post"}],"author":[{"embeddable":true,"href":"https:\/\/www.europesays.com\/pt\/wp-json\/wp\/v2\/users\/2"}],"replies":[{"embeddable":true,"href":"https:\/\/www.europesays.com\/pt\/wp-json\/wp\/v2\/comments?post=132243"}],"version-history":[{"count":0,"href":"https:\/\/www.europesays.com\/pt\/wp-json\/wp\/v2\/posts\/132243\/revisions"}],"wp:featuredmedia":[{"embeddable":true,"href":"https:\/\/www.europesays.com\/pt\/wp-json\/wp\/v2\/media\/132244"}],"wp:attachment":[{"href":"https:\/\/www.europesays.com\/pt\/wp-json\/wp\/v2\/media?parent=132243"}],"wp:term":[{"taxonomy":"category","embeddable":true,"href":"https:\/\/www.europesays.com\/pt\/wp-json\/wp\/v2\/categories?post=132243"},{"taxonomy":"post_tag","embeddable":true,"href":"https:\/\/www.europesays.com\/pt\/wp-json\/wp\/v2\/tags?post=132243"}],"curies":[{"name":"wp","href":"https:\/\/api.w.org\/{rel}","templated":true}]}}