{"id":132264,"date":"2025-10-30T07:57:18","date_gmt":"2025-10-30T07:57:18","guid":{"rendered":"https:\/\/www.europesays.com\/pt\/132264\/"},"modified":"2025-10-30T07:57:18","modified_gmt":"2025-10-30T07:57:18","slug":"editora-roncarati-giro-das-associadas-sebrae-previdencia-elos-e-fabasa","status":"publish","type":"post","link":"https:\/\/www.europesays.com\/pt\/132264\/","title":{"rendered":"Editora Roncarati &#8211; Giro das associadas: Sebrae Previd\u00eancia, Elos e Fabasa"},"content":{"rendered":"<p>\t\t\t\t\t<a href=\"https:\/\/www.editoraroncarati.com.br\/v2\/Artigos-e-Noticias\/Artigos-e-Noticias\/Giro-das-associadas-Sebrae-Previdencia-Elos-e-Fabasa\/Imprimir.html\" title=\"Imprimir\" onclick=\"window.open(this.href,&#039;win2&#039;,&#039;status=no,toolbar=no,scrollbars=yes,titlebar=no,menubar=no,resizable=yes,width=640,height=480,directories=no,location=no&#039;); return false;\" rel=\"nofollow noopener\" target=\"_blank\"><img decoding=\"async\" src=\"https:\/\/www.europesays.com\/pt\/wp-content\/uploads\/2025\/07\/printButton.png\" alt=\"Imprimir\" \/><\/a>\t\t\t\t<\/p>\n<p>\t\t\t\t\t<a href=\"https:\/\/www.editoraroncarati.com.br\/v2\/pdf\/Artigos-e-Noticias\/Artigos-e-Noticias\/Giro-das-associadas-Sebrae-Previdencia-Elos-e-Fabasa.pdf\" title=\"PDF\" onclick=\"window.open(this.href,&#039;win2&#039;,&#039;status=no,toolbar=no,scrollbars=yes,titlebar=no,menubar=no,resizable=yes,width=640,height=480,directories=no,location=no&#039;); return false;\" rel=\"nofollow noopener\" target=\"_blank\"><img decoding=\"async\" src=\"https:\/\/www.europesays.com\/pt\/wp-content\/uploads\/2025\/07\/pdf_button.png\" alt=\"PDF\" \/><\/a>\t\t\t\t<\/p>\n<p>\t<a href=\"https:\/\/www.editoraroncarati.com.br\/v2\/Artigos-e-Noticias\/Artigos-e-Noticias\/Giro-das-associadas-Sebrae-Previdencia-Elos-e-Fabasa.html\/javascript:history.go(-1)\" rel=\"nofollow noopener\" target=\"_blank\">Voltar<\/a><\/p>\n<p style=\"text-align: justify;\">Por Bruna Chieco<\/p>\n<p style=\"text-align: justify;\"><strong>Podcast do Sebrae Previd\u00eancia fala sobre Outubro Rosa \u2013\u00a0<\/strong>Trazendo como tema \u201cOutubro Rosa: h\u00e1bitos que salvam vidas\u201d, o novo epis\u00f3dio do SebraeprevCast conta com a participa\u00e7\u00e3o de Giovanna Milhomem, m\u00e9dica ginecologista, que fala como h\u00e1bitos simples podem ter um grande impacto na preven\u00e7\u00e3o do c\u00e2ncer de mama. Durante a conversa, ela destaca a import\u00e2ncia do diagn\u00f3stico precoce e da aten\u00e7\u00e3o ao pr\u00f3prio corpo.<\/p>\n<p style=\"text-align: justify;\">O epis\u00f3dio conta ainda com a participa\u00e7\u00e3o especial da professora e atriz Leonice Pereira, que descobriu o c\u00e2ncer de mama ao realizar o autoexame. Sua atitude permitiu um diagn\u00f3stico precoce e um tratamento bem-sucedido. O SebraeprevCast est\u00e1 dispon\u00edvel no canal do Sebrae Previd\u00eancia no YouTube.\u00a0<\/p>\n<p style=\"text-align: justify;\"><strong>Elos lan\u00e7a s\u00e9rie de v\u00eddeos sobre estrat\u00e9gias de investimento \u2013\u00a0<\/strong>A Elos lan\u00e7ou uma s\u00e9rie de v\u00eddeos em seu canal no YouTube, com a participa\u00e7\u00e3o de Carlos Winter, analista de Investimentos da entidade, que explica de forma simples e direta as estrat\u00e9gias e classes de ativos que fazem parte do portf\u00f3lio da funda\u00e7\u00e3o. Os epis\u00f3dios abordam renda fixa, renda vari\u00e1vel, fundos multimercados, estruturados e investimentos no exterior, mostrando como cada estrat\u00e9gia contribui para os resultados dos planos.<\/p>\n<p style=\"text-align: justify;\">\u201cMuitas vezes, o universo dos investimentos pode parecer complexo \u00e0 primeira vista, com termos e estrat\u00e9gias que n\u00e3o fazem parte do dia a dia da maioria das pessoas. Com esta s\u00e9rie, nosso prop\u00f3sito \u00e9 aproximar os participantes ao tema, mostrando que, por tr\u00e1s de cada decis\u00e3o, existe um trabalho t\u00e9cnico e criterioso voltado \u00e0 prote\u00e7\u00e3o e ao crescimento dos planos\u201d, destacou Carlos Winter.<\/p>\n<p style=\"text-align: justify;\"><strong>Fabasa divulga resultado do seu Plano Misto \u2013\u00a0<\/strong>Em setembro, o Plano Misto (CD) da Fabasa registrou uma rentabilidade de 1,29%, acumulando uma alta de 10,23% nos primeiros nove meses do ano. Os \u00edndices est\u00e3o bem acima da meta atuarial, que foi de 0,86% no m\u00eas e 6,69% no acumulado do ano.<\/p>\n<p style=\"text-align: justify;\">\u201cEssa performance do nosso plano misto vem se mantendo de forma consistente. A rentabilidade resulta de um trabalho muito eficiente e bem calculado, realizado por nossa competente equipe\u201d, afirmou o Diretor-Presidente, Dermeval Lima Filho.<\/p>\n<p style=\"text-align: justify;\"><strong>Fonte<\/strong>: Abrapp em Foco, em 29.10.2025<\/p>\n","protected":false},"excerpt":{"rendered":"Voltar Por Bruna Chieco Podcast do Sebrae Previd\u00eancia fala sobre Outubro Rosa \u2013\u00a0Trazendo como tema \u201cOutubro Rosa: h\u00e1bitos&hellip;\n","protected":false},"author":2,"featured_media":108,"comment_status":"","ping_status":"","sticky":false,"template":"","format":"standard","meta":{"footnotes":""},"categories":[84],"tags":[109,107,108,133,32,33,105,103,104,106,110],"class_list":{"0":"post-132264","1":"post","2":"type-post","3":"status-publish","4":"format-standard","5":"has-post-thumbnail","7":"category-ciencia-e-tecnologia","8":"tag-ciencia","9":"tag-ciencia-e-tecnologia","10":"tag-cienciaetecnologia","11":"tag-editora-roncarati","12":"tag-portugal","13":"tag-pt","14":"tag-science","15":"tag-science-and-technology","16":"tag-scienceandtechnology","17":"tag-technology","18":"tag-tecnologia"},"share_on_mastodon":{"url":"https:\/\/pubeurope.com\/@pt\/115462055389962314","error":""},"_links":{"self":[{"href":"https:\/\/www.europesays.com\/pt\/wp-json\/wp\/v2\/posts\/132264","targetHints":{"allow":["GET"]}}],"collection":[{"href":"https:\/\/www.europesays.com\/pt\/wp-json\/wp\/v2\/posts"}],"about":[{"href":"https:\/\/www.europesays.com\/pt\/wp-json\/wp\/v2\/types\/post"}],"author":[{"embeddable":true,"href":"https:\/\/www.europesays.com\/pt\/wp-json\/wp\/v2\/users\/2"}],"replies":[{"embeddable":true,"href":"https:\/\/www.europesays.com\/pt\/wp-json\/wp\/v2\/comments?post=132264"}],"version-history":[{"count":0,"href":"https:\/\/www.europesays.com\/pt\/wp-json\/wp\/v2\/posts\/132264\/revisions"}],"wp:featuredmedia":[{"embeddable":true,"href":"https:\/\/www.europesays.com\/pt\/wp-json\/wp\/v2\/media\/108"}],"wp:attachment":[{"href":"https:\/\/www.europesays.com\/pt\/wp-json\/wp\/v2\/media?parent=132264"}],"wp:term":[{"taxonomy":"category","embeddable":true,"href":"https:\/\/www.europesays.com\/pt\/wp-json\/wp\/v2\/categories?post=132264"},{"taxonomy":"post_tag","embeddable":true,"href":"https:\/\/www.europesays.com\/pt\/wp-json\/wp\/v2\/tags?post=132264"}],"curies":[{"name":"wp","href":"https:\/\/api.w.org\/{rel}","templated":true}]}}