{"id":132305,"date":"2025-10-30T08:50:18","date_gmt":"2025-10-30T08:50:18","guid":{"rendered":"https:\/\/www.europesays.com\/pt\/132305\/"},"modified":"2025-10-30T08:50:18","modified_gmt":"2025-10-30T08:50:18","slug":"sporting-ja-decidiu-e-vai-avancar-para-contratacao-de-medio-em-definitivo","status":"publish","type":"post","link":"https:\/\/www.europesays.com\/pt\/132305\/","title":{"rendered":"Sporting j\u00e1 decidiu e vai avan\u00e7ar para contrata\u00e7\u00e3o de m\u00e9dio em definitivo"},"content":{"rendered":"<p>&#8211; Advertisement &#8211;<\/p>\n<p><strong>O Sporting j\u00e1 decidiu que vai comprar Rayan Lucas ao Flamengo, preparando-se para investir quatro milh\u00f5es de euros.<\/strong><\/p>\n<p>O Sporting vai avan\u00e7ar para a contrata\u00e7\u00e3o de Rayan Lucas em definitivo, de acordo com o jornal A Bola. A mesma fonte de informa\u00e7\u00e3o indica que o conjunto de Alvalade est\u00e1 a par da concorr\u00eancia de emblemas ingleses e italianos, procurando garantir a aquisi\u00e7\u00e3o do jovem.<\/p>\n<p>No acordo com o Flamengo existe uma cl\u00e1usula de op\u00e7\u00e3o de compra de quatro milh\u00f5es de euros, que dever\u00e1 ser exercida em breve, embora a mesma seja v\u00e1lida at\u00e9 ao mercado do pr\u00f3ximo ver\u00e3o.<\/p>\n<p>Rayan Lucas tem 20 aos e em 2025\/26 leva quatro encontros pela equipa B e um jogo pela forma\u00e7\u00e3o principal, sendo suplente utilizado na <a href=\"https:\/\/bolanarede.pt\/especial-bola-na-rede\/atualidade\/sporting-goleia-alverca-e-avanca-para-a-final-four-da-taca-da-liga\/\" target=\"_blank\" rel=\"noreferrer noopener nofollow\">vit\u00f3ria contra o Alverca<\/a>, nos quartos de final da Ta\u00e7a da Liga. O brasileiro tem feito parte de v\u00e1rias fichas de jogo do Sporting de Rui Borges.<\/p>\n","protected":false},"excerpt":{"rendered":"&#8211; Advertisement &#8211; O Sporting j\u00e1 decidiu que vai comprar Rayan Lucas ao Flamengo, preparando-se para investir quatro&hellip;\n","protected":false},"author":2,"featured_media":132306,"comment_status":"","ping_status":"","sticky":false,"template":"","format":"standard","meta":{"footnotes":""},"categories":[87],"tags":[260,135,478,2460,32,479,33,24244,34,134],"class_list":{"0":"post-132305","1":"post","2":"type-post","3":"status-publish","4":"format-standard","5":"has-post-thumbnail","7":"category-desporto","8":"tag-atualidade","9":"tag-desporto","10":"tag-destaques-bnr","11":"tag-flamengo","12":"tag-portugal","13":"tag-primeira-liga","14":"tag-pt","15":"tag-rayan-lucas","16":"tag-sporting","17":"tag-sports"},"share_on_mastodon":{"url":"https:\/\/pubeurope.com\/@pt\/115462263579489163","error":""},"_links":{"self":[{"href":"https:\/\/www.europesays.com\/pt\/wp-json\/wp\/v2\/posts\/132305","targetHints":{"allow":["GET"]}}],"collection":[{"href":"https:\/\/www.europesays.com\/pt\/wp-json\/wp\/v2\/posts"}],"about":[{"href":"https:\/\/www.europesays.com\/pt\/wp-json\/wp\/v2\/types\/post"}],"author":[{"embeddable":true,"href":"https:\/\/www.europesays.com\/pt\/wp-json\/wp\/v2\/users\/2"}],"replies":[{"embeddable":true,"href":"https:\/\/www.europesays.com\/pt\/wp-json\/wp\/v2\/comments?post=132305"}],"version-history":[{"count":0,"href":"https:\/\/www.europesays.com\/pt\/wp-json\/wp\/v2\/posts\/132305\/revisions"}],"wp:featuredmedia":[{"embeddable":true,"href":"https:\/\/www.europesays.com\/pt\/wp-json\/wp\/v2\/media\/132306"}],"wp:attachment":[{"href":"https:\/\/www.europesays.com\/pt\/wp-json\/wp\/v2\/media?parent=132305"}],"wp:term":[{"taxonomy":"category","embeddable":true,"href":"https:\/\/www.europesays.com\/pt\/wp-json\/wp\/v2\/categories?post=132305"},{"taxonomy":"post_tag","embeddable":true,"href":"https:\/\/www.europesays.com\/pt\/wp-json\/wp\/v2\/tags?post=132305"}],"curies":[{"name":"wp","href":"https:\/\/api.w.org\/{rel}","templated":true}]}}