{"id":132319,"date":"2025-10-30T09:07:08","date_gmt":"2025-10-30T09:07:08","guid":{"rendered":"https:\/\/www.europesays.com\/pt\/132319\/"},"modified":"2025-10-30T09:07:08","modified_gmt":"2025-10-30T09:07:08","slug":"confronto-aceso-com-deputado-do-chega-leva-prata-roque-a-abandonar-estudio-de-televisao-em-direto","status":"publish","type":"post","link":"https:\/\/www.europesays.com\/pt\/132319\/","title":{"rendered":"Confronto aceso com deputado do Chega leva Prata Roque a abandonar est\u00fadio de televis\u00e3o em direto"},"content":{"rendered":"<p>O que era para ser um debate pol\u00edtico transformou-se rapidamente numa discuss\u00e3o de caf\u00e9, com vozes elevadas, insultos e uma sa\u00edda em direto. \u00c0 mesa, na SIC Not\u00edcias, estavam Miguel Prata Roque, jurista do PS, Rodrigo Taxa, deputado do Chega, e o antigo deputado do PSD Duarte Pacheco. Mas este \u00faltimo nem teve tempo de abrir a boca \u2014 o confronto entre os dois primeiros preencheu todo o palco e o ru\u00eddo.<\/p>\n<p>O ambiente come\u00e7ou a azedar quando Miguel Prata Roque criticou duramente o discurso do Chega, acusando o partido de \u201cpromover o racismo\u201d com os cartazes da candidatura de Andr\u00e9 Ventura \u00e0s presidenciais, onde se pode ler mensagens como \u2018Isto n\u00e3o \u00e9 o Bangladesh\u2019.<\/p>\n<p>\u201cO movimento de apoio \u00e0 candidatura de Andr\u00e9 Ventura, que \u00e9 ali\u00e1s financiado pelo Chega, neste momento est\u00e1 em viola\u00e7\u00e3o da Constitui\u00e7\u00e3o e est\u00e1 em viola\u00e7\u00e3o tamb\u00e9m da lei de 1978 que pro\u00edbe a exist\u00eancia de organiza\u00e7\u00f5es fascistas. Porque um dos tra\u00e7os do fascismo \u00e9 o apelo \u00e0 viol\u00eancia. O apelo \u00e0 viol\u00eancia como a\u00e7\u00e3o pol\u00edtica. E por outro lado \u00e9 a exalta\u00e7\u00e3o de figuras associadas ao fascismo. O que n\u00e3o ser\u00e1 deste Salazar da Temu que veio dizer que eram precisos tr\u00eas Salazares?\u201d, disse o comentador do PS.<\/p>\n<p>A provoca\u00e7\u00e3o n\u00e3o caiu bem ao deputado do Chega, que reagiu com um sorriso tenso e dirigindo-se a Prata Roque disse: \u201cTem a no\u00e7\u00e3o do que diz n\u00e3o faz qualquer sentido\u201d.<\/p>\n<p>Entretanto, o socialista afirmou que queria fazer defesa da honra e Rodrigo Taxa num tom cada vez mais elevado disse: \u201cO Andr\u00e9 Ventura n\u00e3o \u00e9 fascista. Deixe-me acabar, homem, est\u00e1 muito nervoso.\u201d Quando Miguel Prata Roque tentou responder, o deputado atirou a frase que rapidamente incendiou o est\u00fadio: \u201c\u00d3 homem, cale-se\u201d.<\/p>\n<p>A frase foi suficiente para aquecer ainda mais os \u00e2nimos, que j\u00e1 estavam quentes, e Prata Roque, visivelmente indignado, retorquiu: \u201cO senhor n\u00e3o me manda calar nem aqui, nem em lado nenhum!\u201d.<\/p>\n<p>\u201cEu mando cal\u00e1-lo sempre que voc\u00ea me interromper. Quando esteve a falar, eu n\u00e3o lhe cortei a palavra uma vez. Portanto, se quer estar aqui, fala e depois ouve. Eu n\u00e3o estou para o aturar\u201d, respondeu o deputado do Chega.<\/p>\n<p>Foi a\u00ed que Prata Roque come\u00e7ou a levantar-se e a tirar o microfone, acabando mesmo por abandonar o est\u00fadio.<\/p>\n<p>Rodrigo Taxa estava determinado em ter a \u00faltima palavra e, dirigindo-se ao comentador de sa\u00edda, ainda atirou: \u201cN\u00e3o tem educa\u00e7\u00e3o\u2026 O melhor que tem \u00e9 levantar-se da mesa. N\u00fameros de circo, eu n\u00e3o dou para palha\u00e7os\u201d.<\/p>\n<p>A jornalista, que at\u00e9 ali fez v\u00e1rias chamadas de aten\u00e7\u00e3o e tentativas de acalmar os \u00e2nimos viu-se obrigada a dar o debate por terminado. \u201cN\u00e3o h\u00e1 condi\u00e7\u00f5es para prosseguir\u201d.<\/p>\n<p>Sem grande surpresa, a cena entre Prata Roque e Rodrigo Taxa \u00e9 o assunto do momento nas redes sociais.<\/p>\n<blockquote class=\"twitter-tweet\" data-width=\"500\" data-dnt=\"true\">\n<p lang=\"pt\" dir=\"ltr\">N\u00e3o sou f\u00e3 de Prata Roque. Pelo contr\u00e1rio, j\u00e1 mostrou que n\u00e3o tem compromisso com a verdade. Por\u00e9m, ainda assim, eu tamb\u00e9m sairia se algu\u00e9m se me dirigisse no tom usado pelo outro fulano <a href=\"https:\/\/t.co\/rCBfKnI75p\" rel=\"nofollow\">pic.twitter.com\/rCBfKnI75p<\/a><\/p>\n<p>\u2014 \u0391ntonio Nogueira Leite (@al_antdp) <a href=\"https:\/\/twitter.com\/al_antdp\/status\/1983621889827512380?ref_src=twsrc%5Etfw\" rel=\"nofollow noopener\" target=\"_blank\">October 29, 2025<\/a><\/p><\/blockquote>\n<p><script async src=\"https:\/\/platform.twitter.com\/widgets.js\" charset=\"utf-8\"><\/script><\/p>\n","protected":false},"excerpt":{"rendered":"O que era para ser um debate pol\u00edtico transformou-se rapidamente numa discuss\u00e3o de caf\u00e9, com vozes elevadas, insultos&hellip;\n","protected":false},"author":2,"featured_media":132320,"comment_status":"","ping_status":"","sticky":false,"template":"","format":"standard","meta":{"footnotes":""},"categories":[85],"tags":[1736,3339,14074,30011,114,115,30012,2771,32,33,30013],"class_list":{"0":"post-132319","1":"post","2":"type-post","3":"status-publish","4":"format-standard","5":"has-post-thumbnail","7":"category-entretenimento","8":"tag-chega","9":"tag-confronto","10":"tag-debate","11":"tag-duarte-pacheco","12":"tag-entertainment","13":"tag-entretenimento","14":"tag-miguel-prata-roque","15":"tag-polemica","16":"tag-portugal","17":"tag-pt","18":"tag-rodrigo-alves-taxa"},"share_on_mastodon":{"url":"https:\/\/pubeurope.com\/@pt\/115462330488748709","error":""},"_links":{"self":[{"href":"https:\/\/www.europesays.com\/pt\/wp-json\/wp\/v2\/posts\/132319","targetHints":{"allow":["GET"]}}],"collection":[{"href":"https:\/\/www.europesays.com\/pt\/wp-json\/wp\/v2\/posts"}],"about":[{"href":"https:\/\/www.europesays.com\/pt\/wp-json\/wp\/v2\/types\/post"}],"author":[{"embeddable":true,"href":"https:\/\/www.europesays.com\/pt\/wp-json\/wp\/v2\/users\/2"}],"replies":[{"embeddable":true,"href":"https:\/\/www.europesays.com\/pt\/wp-json\/wp\/v2\/comments?post=132319"}],"version-history":[{"count":0,"href":"https:\/\/www.europesays.com\/pt\/wp-json\/wp\/v2\/posts\/132319\/revisions"}],"wp:featuredmedia":[{"embeddable":true,"href":"https:\/\/www.europesays.com\/pt\/wp-json\/wp\/v2\/media\/132320"}],"wp:attachment":[{"href":"https:\/\/www.europesays.com\/pt\/wp-json\/wp\/v2\/media?parent=132319"}],"wp:term":[{"taxonomy":"category","embeddable":true,"href":"https:\/\/www.europesays.com\/pt\/wp-json\/wp\/v2\/categories?post=132319"},{"taxonomy":"post_tag","embeddable":true,"href":"https:\/\/www.europesays.com\/pt\/wp-json\/wp\/v2\/tags?post=132319"}],"curies":[{"name":"wp","href":"https:\/\/api.w.org\/{rel}","templated":true}]}}