{"id":132338,"date":"2025-10-30T09:36:13","date_gmt":"2025-10-30T09:36:13","guid":{"rendered":"https:\/\/www.europesays.com\/pt\/132338\/"},"modified":"2025-10-30T09:36:13","modified_gmt":"2025-10-30T09:36:13","slug":"ana-sofia-martins-e-david-fonseca-vao-ser-pais-e-uma-crianca-muito-desejada","status":"publish","type":"post","link":"https:\/\/www.europesays.com\/pt\/132338\/","title":{"rendered":"Ana Sofia Martins e David Fonseca v\u00e3o ser pais: &#8220;\u00c9 uma crian\u00e7a muito desejada&#8221;"},"content":{"rendered":"<p><a href=\"https:\/\/selfie.iol.pt\/famosos\/anjos\/ana-sofia-martins-deixa-mensagem-a-joana-marques-e-fala-em-rasteirinhos\/20250622\/6858548bd34e3f0bae9fa615\" target=\"_blank\" rel=\"nofollow noopener\">Ana Sofia Martins<\/a> e David Fonseca est\u00e3o \u00e0 espera do primeiro filho em comum.<\/p>\n<p>A revela\u00e7\u00e3o foi feita pela atriz no arranque do Tribeca Festival Lisboa, esta quarta-feira, dia 29:\u00a0&#8220;Fiquei muito contente, \u00e9 uma crian\u00e7a muito desejada.&#8221;<\/p>\n<p>&#8220;Estou a viver um momento muito tranquilo e acho que isso est\u00e1 a ser a parte que mais me surpreende. (&#8230;) Estou a viver isto muito plenamente, porque como tamb\u00e9m n\u00e3o publiquei nada e n\u00e3o falei sobre isso, ningu\u00e9m me chateia com o assunto, s\u00f3 a minha fam\u00edlia&#8221;, disse, ainda., Ana Sofia Martins, citada pelo site Fama Show.<\/p>\n<p>Recorde-se que o beb\u00e9 ser\u00e1 o primeiro filho da atriz. J\u00e1 <a href=\"https:\/\/selfie.iol.pt\/famosos\/david-fonseca\/david-fonseca-fala-sobre-ana-sofia-martins-desafia-me-muito\/20230902\/64f3798fd34e65afa2f4e95e\" target=\"_blank\" rel=\"nofollow noopener\">David Fonseca<\/a> \u00e9 pai de\u00a0David, de 20 anos, e Maria Teresa, de 17, fruto do anterior casamento.<\/p>\n","protected":false},"excerpt":{"rendered":"Ana Sofia Martins e David Fonseca est\u00e3o \u00e0 espera do primeiro filho em comum. A revela\u00e7\u00e3o foi feita&hellip;\n","protected":false},"author":2,"featured_media":132339,"comment_status":"","ping_status":"","sticky":false,"template":"","format":"standard","meta":{"footnotes":""},"categories":[145],"tags":[30014,813,1710,211,210,30015,114,115,980,2611,619,32,33,1012],"class_list":{"0":"post-132338","1":"post","2":"type-post","3":"status-publish","4":"format-standard","5":"has-post-thumbnail","7":"category-celebridades","8":"tag-ana-sofia-martins","9":"tag-atriz","10":"tag-cantor","11":"tag-celebridades","12":"tag-celebrities","13":"tag-david-fonseca","14":"tag-entertainment","15":"tag-entretenimento","16":"tag-famosos","17":"tag-gravida","18":"tag-nacional","19":"tag-portugal","20":"tag-pt","21":"tag-selfie"},"share_on_mastodon":{"url":"https:\/\/pubeurope.com\/@pt\/115462444370536896","error":""},"_links":{"self":[{"href":"https:\/\/www.europesays.com\/pt\/wp-json\/wp\/v2\/posts\/132338","targetHints":{"allow":["GET"]}}],"collection":[{"href":"https:\/\/www.europesays.com\/pt\/wp-json\/wp\/v2\/posts"}],"about":[{"href":"https:\/\/www.europesays.com\/pt\/wp-json\/wp\/v2\/types\/post"}],"author":[{"embeddable":true,"href":"https:\/\/www.europesays.com\/pt\/wp-json\/wp\/v2\/users\/2"}],"replies":[{"embeddable":true,"href":"https:\/\/www.europesays.com\/pt\/wp-json\/wp\/v2\/comments?post=132338"}],"version-history":[{"count":0,"href":"https:\/\/www.europesays.com\/pt\/wp-json\/wp\/v2\/posts\/132338\/revisions"}],"wp:featuredmedia":[{"embeddable":true,"href":"https:\/\/www.europesays.com\/pt\/wp-json\/wp\/v2\/media\/132339"}],"wp:attachment":[{"href":"https:\/\/www.europesays.com\/pt\/wp-json\/wp\/v2\/media?parent=132338"}],"wp:term":[{"taxonomy":"category","embeddable":true,"href":"https:\/\/www.europesays.com\/pt\/wp-json\/wp\/v2\/categories?post=132338"},{"taxonomy":"post_tag","embeddable":true,"href":"https:\/\/www.europesays.com\/pt\/wp-json\/wp\/v2\/tags?post=132338"}],"curies":[{"name":"wp","href":"https:\/\/api.w.org\/{rel}","templated":true}]}}