{"id":132342,"date":"2025-10-30T09:43:09","date_gmt":"2025-10-30T09:43:09","guid":{"rendered":"https:\/\/www.europesays.com\/pt\/132342\/"},"modified":"2025-10-30T09:43:09","modified_gmt":"2025-10-30T09:43:09","slug":"campanha-de-vacinacao-em-criancas-e-adolescentes-aplica-mais-de-191-mil-doses-em-sc","status":"publish","type":"post","link":"https:\/\/www.europesays.com\/pt\/132342\/","title":{"rendered":"Campanha de vacina\u00e7\u00e3o em crian\u00e7as e adolescentes aplica mais de 191 mil doses em SC"},"content":{"rendered":"<p>                            <img width=\"944\" height=\"531\" src=\"https:\/\/www.europesays.com\/pt\/wp-content\/uploads\/2025\/10\/vacinacao-944x531.jpg\" class=\"attachment-custom-large size-custom-large article-featured-image\" alt=\"vacina\u00e7\u00e3o\" fetchpriority=\"high\" decoding=\"async\"  \/><\/p>\n<p>A\u00e7\u00e3o tem como objetivo ampliar as coberturas vacinais e proteger a popula\u00e7\u00e3o contra doen\u00e7as (Foto: Andy Puerari, PMF)<\/p>\n<p>A campanha da vacina\u00e7\u00e3o para crian\u00e7as e adolescentes com menos de 15 anos em Santa Catarina aplicou 191.584 vacinas nas \u00faltimas tr\u00eas semanas. A a\u00e7\u00e3o tem como objetivo ampliar as coberturas vacinais e proteger a popula\u00e7\u00e3o contra doen\u00e7as.<\/p>\n<p>Continua depois da publicidade<\/p>\n<p>Durante o per\u00edodo, a faixa et\u00e1ria mais imunizada foi a de crian\u00e7as menores de um ano, com mais de 59 mil doses aplicadas. Apenas no Dia D de Mobiliza\u00e7\u00e3o Estadual de Vacina\u00e7\u00e3o, realizado no dia 18 de outubro, foram aplicadas 27 mil doses em crian\u00e7as e adolescentes de at\u00e9 19 anos \u2014 a faixa et\u00e1ria que mais recebeu foi a de crian\u00e7as de dois a quatro anos, com 6,2 mil doses.<\/p>\n<p>Entre as vacinas dispon\u00edveis est\u00e3o a da poliomielite, sarampo, febre amarela, meningite, HPV, entre outras. A campanha tamb\u00e9m avalia a situa\u00e7\u00e3o vacinal e aplica doses em atraso, conforme o calend\u00e1rio nacional.<\/p>\n<p>Veja fotos da campanha da vacina\u00e7\u00e3o em SC1<\/p>\n<p>VoltarAvan\u00e7ar<\/p>\n<p><img loading=\"lazy\" decoding=\"async\" width=\"1200\" height=\"675\" data-id=\"7705734\" src=\"https:\/\/www.europesays.com\/pt\/wp-content\/uploads\/2025\/10\/vacinacao-3.jpg\" alt=\"\" class=\"wp-image-7705734\"  \/><\/p>\n<p>A campanha da vacina\u00e7\u00e3o para crian\u00e7as e adolescentes com menos de 15 anos em Santa Catarina aplicou 191.584 vacinas (Foto: Leo Munhoz, Secom, Arquivo)<\/p>\n<p><img loading=\"lazy\" decoding=\"async\" width=\"1200\" height=\"675\" data-id=\"7705733\" src=\"https:\/\/www.europesays.com\/pt\/wp-content\/uploads\/2025\/10\/vacinacao-4.jpg\" alt=\"\" class=\"wp-image-7705733\"  \/><\/p>\n<p>A a\u00e7\u00e3o tem como objetivo ampliar as coberturas vacinais e proteger a popula\u00e7\u00e3o contra doen\u00e7as (Foto: Leo Munhoz, Secom, Arquivo)<\/p>\n<p><img loading=\"lazy\" decoding=\"async\" width=\"1200\" height=\"675\" data-id=\"7705737\" src=\"https:\/\/www.europesays.com\/pt\/wp-content\/uploads\/2025\/10\/vacinacao.jpg\" alt=\"\" class=\"wp-image-7705737\"  \/><\/p>\n<p>Durante o per\u00edodo, a faixa et\u00e1ria mais imunizadas foi a de crian\u00e7as menores de um ano, com mais de 59 mil doses aplicadas (Foto: Andy Puerari, PMF)<\/p>\n<p><img loading=\"lazy\" decoding=\"async\" width=\"1200\" height=\"675\" data-id=\"7705735\" src=\"https:\/\/www.europesays.com\/pt\/wp-content\/uploads\/2025\/10\/vacinacao-2.jpg\" alt=\"\" class=\"wp-image-7705735\"  \/><\/p>\n<p>Apenas no Dia D de Mobiliza\u00e7\u00e3o Estadual de Vacina\u00e7\u00e3o, realizado no dia 18 de outubro, foram aplicadas 27 mil doses (Foto: Arquivo Secom, SES)<\/p>\n<p><img loading=\"lazy\" decoding=\"async\" width=\"1200\" height=\"675\" data-id=\"7705736\" src=\"https:\/\/www.europesays.com\/pt\/wp-content\/uploads\/2025\/10\/vacinacao-1.jpg\" alt=\"\" class=\"wp-image-7705736\"  \/><\/p>\n<p>Segundo a Secretaria do Estado de Sa\u00fade, foram desenvolvidas a\u00e7\u00f5es de intensifica\u00e7\u00e3o vacinal, incluindo a aplica\u00e7\u00e3o da dose zero (Foto: Sid Macedo Ascom, SES)<\/p>\n<p>Segundo a Secretaria do Estado de Sa\u00fade, foram desenvolvidas a\u00e7\u00f5es de intensifica\u00e7\u00e3o vacinal, incluindo a aplica\u00e7\u00e3o da dose zero e a busca ativa de n\u00e3o vacinados. Ou seja, a popula\u00e7\u00e3o de 12 meses a 59 anos poder\u00e1 se vacinar contra doen\u00e7as.<\/p>\n<p>Continua depois da publicidade<\/p>\n<p>\u2014 Al\u00e9m de crian\u00e7as e adolescentes, a campanha vai oportunizar a vacina\u00e7\u00e3o contra o sarampo e o resgate de n\u00e3o vacinados com a vacina HPV para a atualiza\u00e7\u00e3o destas vacinas, de qualquer pessoa da idade recomendada, que o esquema vacinal n\u00e3o esteja em dia \u2014 explica o diretor da Diretoria de Vigil\u00e2ncia Epidemiol\u00f3gica (Dive), Jo\u00e3o Augusto Fuck.<\/p>\n<p>Os munic\u00edpios tamb\u00e9m v\u00e3o oportunizar o resgate de n\u00e3o vacinados contra o HPV na faixa et\u00e1ria de 15 a 19 anos at\u00e9 dezembro de 2025.<\/p>\n<p>*Sob supervis\u00e3o de Luana Amorim<\/p>\n","protected":false},"excerpt":{"rendered":"A\u00e7\u00e3o tem como objetivo ampliar as coberturas vacinais e proteger a popula\u00e7\u00e3o contra doen\u00e7as (Foto: Andy Puerari, PMF)&hellip;\n","protected":false},"author":2,"featured_media":132343,"comment_status":"","ping_status":"","sticky":false,"template":"","format":"standard","meta":{"footnotes":""},"categories":[86],"tags":[829,116,10486,32,33,117],"class_list":{"0":"post-132342","1":"post","2":"type-post","3":"status-publish","4":"format-standard","5":"has-post-thumbnail","7":"category-saude","8":"tag-conteudo-liberado","9":"tag-health","10":"tag-painel-nsc","11":"tag-portugal","12":"tag-pt","13":"tag-saude"},"share_on_mastodon":{"url":"https:\/\/pubeurope.com\/@pt\/115462472147247132","error":""},"_links":{"self":[{"href":"https:\/\/www.europesays.com\/pt\/wp-json\/wp\/v2\/posts\/132342","targetHints":{"allow":["GET"]}}],"collection":[{"href":"https:\/\/www.europesays.com\/pt\/wp-json\/wp\/v2\/posts"}],"about":[{"href":"https:\/\/www.europesays.com\/pt\/wp-json\/wp\/v2\/types\/post"}],"author":[{"embeddable":true,"href":"https:\/\/www.europesays.com\/pt\/wp-json\/wp\/v2\/users\/2"}],"replies":[{"embeddable":true,"href":"https:\/\/www.europesays.com\/pt\/wp-json\/wp\/v2\/comments?post=132342"}],"version-history":[{"count":0,"href":"https:\/\/www.europesays.com\/pt\/wp-json\/wp\/v2\/posts\/132342\/revisions"}],"wp:featuredmedia":[{"embeddable":true,"href":"https:\/\/www.europesays.com\/pt\/wp-json\/wp\/v2\/media\/132343"}],"wp:attachment":[{"href":"https:\/\/www.europesays.com\/pt\/wp-json\/wp\/v2\/media?parent=132342"}],"wp:term":[{"taxonomy":"category","embeddable":true,"href":"https:\/\/www.europesays.com\/pt\/wp-json\/wp\/v2\/categories?post=132342"},{"taxonomy":"post_tag","embeddable":true,"href":"https:\/\/www.europesays.com\/pt\/wp-json\/wp\/v2\/tags?post=132342"}],"curies":[{"name":"wp","href":"https:\/\/api.w.org\/{rel}","templated":true}]}}