{"id":132395,"date":"2025-10-30T10:33:08","date_gmt":"2025-10-30T10:33:08","guid":{"rendered":"https:\/\/www.europesays.com\/pt\/132395\/"},"modified":"2025-10-30T10:33:08","modified_gmt":"2025-10-30T10:33:08","slug":"um-fotografo-conseguiu-uma-imagem-de-um-lince-iberico-todo-branco-lince-iberico","status":"publish","type":"post","link":"https:\/\/www.europesays.com\/pt\/132395\/","title":{"rendered":"Um fot\u00f3grafo conseguiu uma imagem de um lince-ib\u00e9rico todo branco | Lince-ib\u00e9rico"},"content":{"rendered":"<p>O fot\u00f3grafo de vida selvagem \u00c1ngel Hidalgo andava h\u00e1 meses \u00e0 espera deste encontro, mas s\u00f3 no final de Outubro conseguiu uma imagem do \u201cfantasma branco\u201d, o lince ib\u00e9rico que tem uma cor \u00fanica. A emo\u00e7\u00e3o foi tal que \u201cficou paralisado\u201d, contou o fot\u00f3grafo ao El Pa\u00eds. Os linces ib\u00e9ricos s\u00e3o, por norma, de cor acastanhada.<\/p>\n<p>O encontro aconteceu na Andaluzia, em Ja\u00e9n. Hidalgo j\u00e1 sabia da exist\u00eancia deste lince com uma colora\u00e7\u00e3o diferente da habitual desde que, h\u00e1 uns meses, uma das suas \u201carmadilhas fotogr\u00e1ficas\u201d o apanhou no enquadramento, mas foi uma longa espera at\u00e9 o ver e fotografar, per\u00edodo em que, confessou nas redes sociais, esteve \u201cprestes a atirar a toalha ao ch\u00e3o\u201d.<\/p>\n<p>\u00c1ngel Hidalgo, 29 anos, relatou que o momento aconteceu numa manh\u00e3, \u201cdepois de ter chovido a noite toda\u201d. O fot\u00f3grafo conta que, ao amanhecer, viu ao longe o <a href=\"https:\/\/www.publico.pt\/2025\/05\/22\/azul\/noticia\/quer-acompanhar-crias-linceiberico-icnf-procura-voluntarios-2133849\" rel=\"nofollow noopener\" target=\"_blank\">lince<\/a>, com \u201ca sua penugem branca como a neve e os seus olhos penetrantes\u201d.<\/p>\n<p>        &#13;<\/p>\n<blockquote class=\"instagram-media\" data-instgrm-captioned=\"\" data-instgrm-permalink=\"https:\/\/www.instagram.com\/p\/DQMY8xhDLmQ\/?utm_source=ig_embed&amp;utm_campaign=loading\" data-instgrm-version=\"14\" style=\" background:#FFF; border:0; border-radius:3px; box-shadow:0 0 1px 0 rgba(0,0,0,0.5),0 1px 10px 0 rgba(0,0,0,0.15); margin: 1px; max-width:540px; min-width:326px; padding:0; width:99.375%; width:-webkit-calc(100% - 2px); width:calc(100% - 2px);\"\/><p>&#13;<br \/>\n&#13;<\/p>\n<p>O lince j\u00e1 era conhecido pelo programa que se ocupa da recupera\u00e7\u00e3o da popula\u00e7\u00e3o dos linces ib\u00e9ricos na Andaluzia, mas esse facto n\u00e3o tinha ainda sido divulgado, conta o El Pa\u00eds. A mesma fonte garante que o animal avistado se chama Satureja, uma f\u00eamea nascida em 2021, que ao longo do tempo adquiriu uma tonalidade branca. A mudan\u00e7a de cores, contudo, n\u00e3o ter\u00e1 afectado os h\u00e1bitos e comportamentos normais da Satureja.<\/p>\n<p>Javier Salcedo \u00e9 o coordenador do Life Lynx-Connect, o plano de recupera\u00e7\u00e3o desta esp\u00e9cie naquela regi\u00e3o, e disse ao El Pa\u00eds que est\u00e3o a investigar a raz\u00e3o da descolora\u00e7\u00e3o, que poder\u00e1 ter ocorrido\u201d pela exposi\u00e7\u00e3o a algo ambiental, s\u00f3 n\u00e3o se sabe o qu\u00ea\u201d.<\/p>\n<p>A autarquia de Andaluzia tem dados de outra f\u00eamea a quem ocorreu exactamente o mesmo que a Satureja \u2013 nasceu com tons castanhos e foi ficando branca e, mais tarde, recuperou a tonalidade castanha. Essa outra f\u00eamea \u00e9 da mesma zona de C\u00f3rdoba que a Satureja, pelo que \u201cn\u00e3o se descarta a op\u00e7\u00e3o de serem parentes\u201d, escreve o La Vanguardia. Pela mesma raz\u00e3o, Salcedo disse ao mesmo jornal que \u00e9 poss\u00edvel que tamb\u00e9m Satureja volte \u00e0 sua cor \u201cnormal\u201d.<\/p>\n<p>        &#13;<\/p>\n<p>&#13;<br \/>\n                &#13;\n            <\/p>\n<p>&#13;<\/p>\n<p>H\u00e1 cerca de duas d\u00e9cadas esta era uma esp\u00e9cie em risco, inclusive, chegou a ser a<a href=\"https:\/\/www.publico.pt\/2024\/06\/21\/azul\/noticia\/recuperacao-linceiberico-momento-historico-governo-2094866\" rel=\"nofollow noopener\" target=\"_blank\"> \u201cesp\u00e9cie de felino mais amea\u00e7ada de extin\u00e7\u00e3o no planeta\u201d<\/a>. Dez anos depois de ter sido reintroduzido em Portugal, h\u00e1 mais de 350 em territ\u00f3rio portugu\u00eas de um universo de 2400 na Pen\u00ednsula Ib\u00e9rica. Em 2024 o n\u00famero de linces na Pen\u00ednsula Ib\u00e9rica aumentou 19%.<\/p>\n<p>            <script async src=\"\/\/www.instagram.com\/embed.js\"><\/script><\/p>\n","protected":false},"excerpt":{"rendered":"O fot\u00f3grafo de vida selvagem \u00c1ngel Hidalgo andava h\u00e1 meses \u00e0 espera deste encontro, mas s\u00f3 no final&hellip;\n","protected":false},"author":2,"featured_media":132396,"comment_status":"","ping_status":"","sticky":false,"template":"","format":"standard","meta":{"footnotes":""},"categories":[144],"tags":[964,1353,207,205,206,203,201,202,785,3697,204,114,115,30025,534,542,32,33,291],"class_list":{"0":"post-132395","1":"post","2":"type-post","3":"status-publish","4":"format-standard","5":"has-post-thumbnail","7":"category-arte-e-design","8":"tag-ambiente","9":"tag-animais","10":"tag-arte","11":"tag-arte-e-design","12":"tag-artedesign","13":"tag-arts","14":"tag-arts-and-design","15":"tag-artsanddesign","16":"tag-azul","17":"tag-conservacao-da-natureza","18":"tag-design","19":"tag-entertainment","20":"tag-entretenimento","21":"tag-lince-iberico","22":"tag-p3","23":"tag-para-redes","24":"tag-portugal","25":"tag-pt","26":"tag-relaxar"},"share_on_mastodon":{"url":"https:\/\/pubeurope.com\/@pt\/115462668518192977","error":""},"_links":{"self":[{"href":"https:\/\/www.europesays.com\/pt\/wp-json\/wp\/v2\/posts\/132395","targetHints":{"allow":["GET"]}}],"collection":[{"href":"https:\/\/www.europesays.com\/pt\/wp-json\/wp\/v2\/posts"}],"about":[{"href":"https:\/\/www.europesays.com\/pt\/wp-json\/wp\/v2\/types\/post"}],"author":[{"embeddable":true,"href":"https:\/\/www.europesays.com\/pt\/wp-json\/wp\/v2\/users\/2"}],"replies":[{"embeddable":true,"href":"https:\/\/www.europesays.com\/pt\/wp-json\/wp\/v2\/comments?post=132395"}],"version-history":[{"count":0,"href":"https:\/\/www.europesays.com\/pt\/wp-json\/wp\/v2\/posts\/132395\/revisions"}],"wp:featuredmedia":[{"embeddable":true,"href":"https:\/\/www.europesays.com\/pt\/wp-json\/wp\/v2\/media\/132396"}],"wp:attachment":[{"href":"https:\/\/www.europesays.com\/pt\/wp-json\/wp\/v2\/media?parent=132395"}],"wp:term":[{"taxonomy":"category","embeddable":true,"href":"https:\/\/www.europesays.com\/pt\/wp-json\/wp\/v2\/categories?post=132395"},{"taxonomy":"post_tag","embeddable":true,"href":"https:\/\/www.europesays.com\/pt\/wp-json\/wp\/v2\/tags?post=132395"}],"curies":[{"name":"wp","href":"https:\/\/api.w.org\/{rel}","templated":true}]}}