{"id":132397,"date":"2025-10-30T10:35:20","date_gmt":"2025-10-30T10:35:20","guid":{"rendered":"https:\/\/www.europesays.com\/pt\/132397\/"},"modified":"2025-10-30T10:35:20","modified_gmt":"2025-10-30T10:35:20","slug":"antes-e-depois-impressionante-jessica-vieira-mostra-transformacao-sem-abdicar-dos-prazeres-da-vida-secret-story","status":"publish","type":"post","link":"https:\/\/www.europesays.com\/pt\/132397\/","title":{"rendered":"Antes e depois impressionante: J\u00e9ssica Vieira mostra transforma\u00e7\u00e3o sem abdicar dos prazeres da vida &#8211; Secret Story"},"content":{"rendered":"<p>\n                    J\u00e9ssica Vieira surpreende com o seu antes e depois, mostrando que \u00e9 poss\u00edvel transformar o corpo sem dietas restritivas nem sacrif\u00edcios.\n                <\/p>\n<p>Com uma mudan\u00e7a vis\u00edvel e inspiradora, J\u00e9ssica Vieira revela o seu percurso rumo a um estilo de vida mais equilibrado. A influenciadora e ex-concorrente do Secret Story mostra que o segredo est\u00e1 na consist\u00eancia e no bem-estar, sem abrir m\u00e3o dos prazeres que a definem. O resultado? Um antes e depois que comprova que a verdadeira transforma\u00e7\u00e3o come\u00e7a no equil\u00edbrio entre corpo e mente.<\/p>\n<blockquote class=\"instagram-media\" data-instgrm-captioned=\"\" data-instgrm-permalink=\"https:\/\/www.instagram.com\/reel\/DPuFwdrDc7C\/?utm_source=ig_embed&amp;utm_campaign=loading\" data-instgrm-version=\"14\" style=\" background:#FFF; border:0; border-radius:3px; box-shadow:0 0 1px 0 rgba(0,0,0,0.5),0 1px 10px 0 rgba(0,0,0,0.15); margin: 1px; max-width:540px; min-width:326px; padding:0; width:99.375%; width:-webkit-calc(100% - 2px); width:calc(100% - 2px);\">\n<\/blockquote>\n<p>                    <script async src=\"\/\/www.instagram.com\/embed.js\"><\/script><\/p>\n","protected":false},"excerpt":{"rendered":"J\u00e9ssica Vieira surpreende com o seu antes e depois, mostrando que \u00e9 poss\u00edvel transformar o corpo sem dietas&hellip;\n","protected":false},"author":2,"featured_media":132398,"comment_status":"","ping_status":"","sticky":false,"template":"","format":"standard","meta":{"footnotes":""},"categories":[142],"tags":[114,115,18672,18673,18674,1417,32,33,151],"class_list":{"0":"post-132397","1":"post","2":"type-post","3":"status-publish","4":"format-standard","5":"has-post-thumbnail","7":"category-tv","8":"tag-entertainment","9":"tag-entretenimento","10":"tag-fotos-oficiais-secret-story","11":"tag-galerias-casa-dos-segredos","12":"tag-imagens-concorrentes-tvi","13":"tag-jessica-vieira","14":"tag-portugal","15":"tag-pt","16":"tag-tv"},"share_on_mastodon":{"url":"https:\/\/pubeurope.com\/@pt\/115462676410303124","error":""},"_links":{"self":[{"href":"https:\/\/www.europesays.com\/pt\/wp-json\/wp\/v2\/posts\/132397","targetHints":{"allow":["GET"]}}],"collection":[{"href":"https:\/\/www.europesays.com\/pt\/wp-json\/wp\/v2\/posts"}],"about":[{"href":"https:\/\/www.europesays.com\/pt\/wp-json\/wp\/v2\/types\/post"}],"author":[{"embeddable":true,"href":"https:\/\/www.europesays.com\/pt\/wp-json\/wp\/v2\/users\/2"}],"replies":[{"embeddable":true,"href":"https:\/\/www.europesays.com\/pt\/wp-json\/wp\/v2\/comments?post=132397"}],"version-history":[{"count":0,"href":"https:\/\/www.europesays.com\/pt\/wp-json\/wp\/v2\/posts\/132397\/revisions"}],"wp:featuredmedia":[{"embeddable":true,"href":"https:\/\/www.europesays.com\/pt\/wp-json\/wp\/v2\/media\/132398"}],"wp:attachment":[{"href":"https:\/\/www.europesays.com\/pt\/wp-json\/wp\/v2\/media?parent=132397"}],"wp:term":[{"taxonomy":"category","embeddable":true,"href":"https:\/\/www.europesays.com\/pt\/wp-json\/wp\/v2\/categories?post=132397"},{"taxonomy":"post_tag","embeddable":true,"href":"https:\/\/www.europesays.com\/pt\/wp-json\/wp\/v2\/tags?post=132397"}],"curies":[{"name":"wp","href":"https:\/\/api.w.org\/{rel}","templated":true}]}}