{"id":132410,"date":"2025-10-30T10:45:09","date_gmt":"2025-10-30T10:45:09","guid":{"rendered":"https:\/\/www.europesays.com\/pt\/132410\/"},"modified":"2025-10-30T10:45:09","modified_gmt":"2025-10-30T10:45:09","slug":"superficie-frontal-fria-muita-chuva-prevista-para-sexta-feira-e-sabado-no-norte-e-centro","status":"publish","type":"post","link":"https:\/\/www.europesays.com\/pt\/132410\/","title":{"rendered":"Superf\u00edcie frontal fria. &#8220;Muita chuva&#8221; prevista para sexta-feira e s\u00e1bado no norte e centro"},"content":{"rendered":"<p>                \u201cOs pr\u00f3ximos dias v\u00e3o ser caracterizados pela passagem de uma superf\u00edcie frontal fria que vai atravessar todo o territ\u00f3rio do continente. <b>\u00c9 uma superf\u00edcie frontal fria que tem muita atividade, que vai trazer muita chuva<\/b>. As maiores quantidades s\u00e3o esperadas nas regi\u00f5es norte e centro\u201d, explicou a meteorologista do IPMA Patr\u00edcia Gomes, ouvida pela ag\u00eancia Lusa.<\/p>\n<p><b>A chuva dever\u00e1 cair j\u00e1 ao final desta quinta-feira no Minho e Douro Litoral<\/b>. <b>Ao longo do dia de sexta-feira, ir\u00e1 atravessar o territ\u00f3rio continental<\/b>.<\/p>\n<p>\u201cCom alguma lentid\u00e3o\u201d, precisou Patr\u00edcia Gomes, a superf\u00edcie frontal \u201cvai ficar quase estacion\u00e1ria principalmente na regi\u00e3o centro, o que acaba tamb\u00e9m por dar uma persist\u00eancia \u00e0 chuva que vai ocorrer. Persist\u00eancia de um modo geral nos mesmos locais e com alguma intensidade e isso pode gerar situa\u00e7\u00f5es um pouco mais complicadas\u201d.<\/p>\n<p><b>Ao final da tarde de sexta-feira, a chuva dever\u00e1 cair \u201centre Set\u00fabal e Portalegre e acaba por ficar a\u00ed durante algum tempo\u201d<\/b>.<\/p>\n<p>\u201cDepois, <b>no dia 1 de novembro, come\u00e7a a atravessar a regi\u00e3o sul<\/b>. Isto n\u00e3o significa que n\u00e3o chova nas regi\u00f5es do norte e centro. Vai continuar a chover, mas n\u00e3o se espera que seja com a mesma intensidade que no dia 31. \u00c9 uma situa\u00e7\u00e3o com alguma perigosidade\u201d, indicou a meteorologista.O IPMA emitiu o aviso laranja para o norte e o centro, entre as 3h00 de sexta-feira e as 0h00 de s\u00e1bado, e o aviso amarelo para os distritos de Lisboa, Santar\u00e9m e Castelo Branco, das 3h00 de sexta-feira \u00e0s 6h00 de s\u00e1bado.<br \/>&#13;\n<\/p>\n<p>\u201cVamos acompanhando a situa\u00e7\u00e3o, mas <b>\u00e9 uma situa\u00e7\u00e3o um pouco complicada para algumas regi\u00f5es<\/b>, at\u00e9 devido a esta superf\u00edcie ficar estacion\u00e1ria durante algumas horas numa determinada regi\u00e3o\u201d, afirmou ainda Patr\u00edcia Gomes.<\/p>\n<p>\u201cEm rela\u00e7\u00e3o \u00e0 temperaturas, os valores da m\u00e1xima situam-se entre 15 e os 20 graus nas regi\u00f5es do norte e centro e entre os 20 e os 23 graus na regi\u00e3o sul, com uma pequena descida no domingo\u201d.<\/p>\n<p>Quanto \u00e0s temperaturas m\u00ednimas, estas v\u00e3o sofrer uma queda mais significativa, esperando-se dez a 15 graus no norte e no centro e redu\u00e7\u00e3o para valores abaixo dos cinco graus em parte do interior norte e centro, na noite de s\u00e1bado para domingo.<\/p>\n<p>Na regi\u00e3o sul, as temperaturas m\u00ednimas v\u00e3o variar entre os 13 e os 18 graus, caindo para nove a 14 graus durante a mesma noite.<\/p>\n<p><b>A meteorologia prev\u00ea, \u201cdepois desta situa\u00e7\u00e3o\u201d, a \u201cintensifica\u00e7\u00e3o de uma crista anticicl\u00f3nica\u201d. Ou seja, \u201cum desagravamento\u201d do quadro \u201ccom diminui\u00e7\u00e3o de nebulosidade\u201d<\/b>.<\/p>\n<p>\u201cO vento vai desagravar e n\u00e3o se espera precipita\u00e7\u00e3o, pelo menos durante dois, tr\u00eas dias, mas a meio da pr\u00f3xima semana a situa\u00e7\u00e3o poder\u00e1 mudar\u201d, perspetivou Patr\u00edcia Gomes.<\/p>\n<p>          <img decoding=\"async\" itemprop=\"image\" class=\"img-fluid\"   src=\"https:\/\/www.europesays.com\/pt\/wp-content\/uploads\/2025\/10\/34db1aae7b142640c7c4164173dc39ae\"\/><\/p>\n<p>A chuva de quarta-feira provocou inunda\u00e7\u00f5es em v\u00e1rios pontos pais, com particular intensidade no Algarve. Em Faro, a \u00e1gua chegou a invadir as salas da universidade.<\/p>\n<p>c\/ Lusa<br \/>&#13;<br \/>\n&#13;\n            <\/p>\n","protected":false},"excerpt":{"rendered":"\u201cOs pr\u00f3ximos dias v\u00e3o ser caracterizados pela passagem de uma superf\u00edcie frontal fria que vai atravessar todo o&hellip;\n","protected":false},"author":2,"featured_media":132411,"comment_status":"","ping_status":"","sticky":false,"template":"","format":"standard","meta":{"footnotes":""},"categories":[10],"tags":[27,28,15,16,14,25,26,21,22,30028,12,13,19,20,15476,32,23,24,33,17,18,29,30,31],"class_list":{"0":"post-132410","1":"post","2":"type-post","3":"status-publish","4":"format-standard","5":"has-post-thumbnail","7":"category-portugal","8":"tag-breaking-news","9":"tag-breakingnews","10":"tag-featured-news","11":"tag-featurednews","12":"tag-headlines","13":"tag-latest-news","14":"tag-latestnews","15":"tag-main-news","16":"tag-mainnews","17":"tag-mau","18":"tag-news","19":"tag-noticias","20":"tag-noticias-principais","21":"tag-noticiasprincipais","22":"tag-patricia","23":"tag-portugal","24":"tag-principais-noticias","25":"tag-principaisnoticias","26":"tag-pt","27":"tag-top-stories","28":"tag-topstories","29":"tag-ultimas","30":"tag-ultimas-noticias","31":"tag-ultimasnoticias"},"share_on_mastodon":{"url":"https:\/\/pubeurope.com\/@pt\/115462715952091565","error":""},"_links":{"self":[{"href":"https:\/\/www.europesays.com\/pt\/wp-json\/wp\/v2\/posts\/132410","targetHints":{"allow":["GET"]}}],"collection":[{"href":"https:\/\/www.europesays.com\/pt\/wp-json\/wp\/v2\/posts"}],"about":[{"href":"https:\/\/www.europesays.com\/pt\/wp-json\/wp\/v2\/types\/post"}],"author":[{"embeddable":true,"href":"https:\/\/www.europesays.com\/pt\/wp-json\/wp\/v2\/users\/2"}],"replies":[{"embeddable":true,"href":"https:\/\/www.europesays.com\/pt\/wp-json\/wp\/v2\/comments?post=132410"}],"version-history":[{"count":0,"href":"https:\/\/www.europesays.com\/pt\/wp-json\/wp\/v2\/posts\/132410\/revisions"}],"wp:featuredmedia":[{"embeddable":true,"href":"https:\/\/www.europesays.com\/pt\/wp-json\/wp\/v2\/media\/132411"}],"wp:attachment":[{"href":"https:\/\/www.europesays.com\/pt\/wp-json\/wp\/v2\/media?parent=132410"}],"wp:term":[{"taxonomy":"category","embeddable":true,"href":"https:\/\/www.europesays.com\/pt\/wp-json\/wp\/v2\/categories?post=132410"},{"taxonomy":"post_tag","embeddable":true,"href":"https:\/\/www.europesays.com\/pt\/wp-json\/wp\/v2\/tags?post=132410"}],"curies":[{"name":"wp","href":"https:\/\/api.w.org\/{rel}","templated":true}]}}