{"id":132442,"date":"2025-10-30T11:20:10","date_gmt":"2025-10-30T11:20:10","guid":{"rendered":"https:\/\/www.europesays.com\/pt\/132442\/"},"modified":"2025-10-30T11:20:10","modified_gmt":"2025-10-30T11:20:10","slug":"jade-magalhaes-desiste-de-viajar-com-luan-santana-e-explica-o-motivo-uma-escolha","status":"publish","type":"post","link":"https:\/\/www.europesays.com\/pt\/132442\/","title":{"rendered":"Jade Magalh\u00e3es desiste de viajar com Luan Santana e explica o motivo: &#8216;Uma escolha&#8217;"},"content":{"rendered":"<p><a href=\"https:\/\/caras.com.br\/tags\/jade-magalhaes\" target=\"_blank\" rel=\"noopener nofollow\"><strong>Jade Magalh\u00e3es<\/strong><\/a> usou as redes sociais na noite desta quarta-feira,29, para contar aos seus seguidores que desistiu de \u00faltima hora de viajar com o marido, o cantor <a href=\"https:\/\/caras.com.br\/tags\/luan-santana\" target=\"_blank\" rel=\"noopener nofollow\"><strong>Luan Santana<\/strong><\/a>, que vai realizar alguns shows na Europa.\u00a0Nos Stories, a influenciadora digital compartilhou um v\u00eddeo relatando que n\u00e3o se sentiu confort\u00e1vel de viajar sem a filha, <strong>Serena<\/strong>, de 10 meses. Ela iria acompanhar Luan nos shows marcados em Paris, Genebra e Londres.<\/p>\n<p>\u201cEu t\u00f4 aqui come\u00e7ando a tirar minha maquiagem para tomar banho. Ontem, nesse mesmo hor\u00e1rio, eu estava fazendo as minhas malas e agora eu acabei de desfazer as minhas malas sem ter viajado. O Luan hoje embarcou para a Europa, que ele tem tr\u00eas shows para fazer l\u00e1, Paris, Genebra e Londres. Tava tudo certo para eu ir, mas quem disse que consegui? Gente, eu n\u00e3o consegui\u201d, confessou.<\/p>\n<p>\u201cHoje eu entendo as m\u00e3es que falavam para mim, o quanto \u00e9 dif\u00edcil ficar longe dos filhos. Eu nunca fiquei, um dia inteiro longe da Serena. Quem dir\u00e1 o tempo que ele vai ficar fora. Mas eu achei que tudo bem, n\u00e9? Tem os av\u00f3s aqui, tem uma pessoa que me ajuda. Ent\u00e3o, bem cuidada ela estaria, mas quando foi dando a hora de realmente fechar a mala para sair, foi tudo desandando, gente. Eu falei: \u2018Eu n\u00e3o vou conseguir, n\u00e3o vou conseguir, por esse tempo n\u00e3o eu consigo&#8217;\u201d, contou.<\/p>\n<p>Jade disse que gostaria de se dividir em duas para conseguir ficar com Serena e tamb\u00e9m viajar com Luan Santana para a Europa. \u201cEu tive que fazer uma escolha, mesmo com o cora\u00e7\u00e3o muito apertado, mesmo querendo muito estar com ele nesse momento e nessa viagem, eu n\u00e3o consegui. Mas eu tenho certeza que vai ser lindo. E vou ficar acompanhando daqui, torcendo daqui\u201d, acrescentou.<\/p>\n<p>\u201cMas assim, gente, a maternidade tem dessas coisas, \u00e9 vivendo e descobrindo.\u00a0Eu achava que era um absurdo, que era um exagero quando as m\u00e3es falavam isso, sabe, que n\u00e3o conseguia ficar muito tempo longe, mas gente, \u00e9 a coisa mais real. Voc\u00eas v\u00e3o entender\u201d, finalizou o desabafo.<\/p>\n<p>Recentemente, Jade Magalh\u00e3es encheu as redes sociais de fofura ao compartilhar uma nova foto de Serena.\u00a0Na foto postada nos Stories, a herdeira da influenciadora digital com Luan Santana aparece sentada no ch\u00e3o, usando uma blusa branca, uma saia e uma asa de borboleta rosa, al\u00e9m de estar segurando uma varinha em uma das m\u00e3os. Assim como todas as fotos postadas pelo casal, o rosto da beb\u00ea n\u00e3o aparece. <a href=\"https:\/\/caras.com.br\/bebe\/jade-magalhaes-mulher-de-luan-santana-encanta-ao-mostrar-a-filha-fantasiada.phtml\" target=\"_blank\" rel=\"noopener nofollow\"><strong>Veja!<\/strong><\/a><\/p>\n<p><strong>Leia tamb\u00e9m:<\/strong> <a href=\"https:\/\/caras.com.br\/bebe\/luan-santana-exibe-fotos-do-batizado-de-sua-filha-com-jade-magalhaes.phtml\" target=\"_blank\" rel=\"noopener nofollow\">Luan Santana exibe fotos do batizado de sua filha com Jade Magalh\u00e3es<\/a><\/p>\n<p>        <a href=\"https:\/\/caras.com.br\/autor\/daniela-santos\" rel=\"nofollow noopener\" target=\"_blank\">&#13;<br \/>\n          <img loading=\"lazy\" decoding=\"async\" alt=\"Daniela Santos\" src=\"https:\/\/www.europesays.com\/pt\/wp-content\/uploads\/2025\/09\/1758949148_187_daniela-santos_sqmd.jpg\" class=\"avatar avatar-115 photo rounded-circle\" height=\"115\" width=\"115\"\/>        <\/a><\/p>\n<p><b>Daniela Santos<\/b> \u00e9 rep\u00f3rter do site CARAS. Formada em jornalismo pela FIAM FAAM, atua na \u00e1rea de celebridades e TV desde 2018<\/p>\n","protected":false},"excerpt":{"rendered":"Jade Magalh\u00e3es usou as redes sociais na noite desta quarta-feira,29, para contar aos seus seguidores que desistiu de&hellip;\n","protected":false},"author":2,"featured_media":132443,"comment_status":"","ping_status":"","sticky":false,"template":"","format":"standard","meta":{"footnotes":""},"categories":[145],"tags":[211,210,14639,6337,114,115,1127,22247,22089,32,33,574,814],"class_list":{"0":"post-132442","1":"post","2":"type-post","3":"status-publish","4":"format-standard","5":"has-post-thumbnail","7":"category-celebridades","8":"tag-celebridades","9":"tag-celebrities","10":"tag-decisao","11":"tag-desistencia","12":"tag-entertainment","13":"tag-entretenimento","14":"tag-filha","15":"tag-jade-magalhaes","16":"tag-luan-santana","17":"tag-portugal","18":"tag-pt","19":"tag-show","20":"tag-viagem"},"share_on_mastodon":{"url":"https:\/\/pubeurope.com\/@pt\/115462853442869028","error":""},"_links":{"self":[{"href":"https:\/\/www.europesays.com\/pt\/wp-json\/wp\/v2\/posts\/132442","targetHints":{"allow":["GET"]}}],"collection":[{"href":"https:\/\/www.europesays.com\/pt\/wp-json\/wp\/v2\/posts"}],"about":[{"href":"https:\/\/www.europesays.com\/pt\/wp-json\/wp\/v2\/types\/post"}],"author":[{"embeddable":true,"href":"https:\/\/www.europesays.com\/pt\/wp-json\/wp\/v2\/users\/2"}],"replies":[{"embeddable":true,"href":"https:\/\/www.europesays.com\/pt\/wp-json\/wp\/v2\/comments?post=132442"}],"version-history":[{"count":0,"href":"https:\/\/www.europesays.com\/pt\/wp-json\/wp\/v2\/posts\/132442\/revisions"}],"wp:featuredmedia":[{"embeddable":true,"href":"https:\/\/www.europesays.com\/pt\/wp-json\/wp\/v2\/media\/132443"}],"wp:attachment":[{"href":"https:\/\/www.europesays.com\/pt\/wp-json\/wp\/v2\/media?parent=132442"}],"wp:term":[{"taxonomy":"category","embeddable":true,"href":"https:\/\/www.europesays.com\/pt\/wp-json\/wp\/v2\/categories?post=132442"},{"taxonomy":"post_tag","embeddable":true,"href":"https:\/\/www.europesays.com\/pt\/wp-json\/wp\/v2\/tags?post=132442"}],"curies":[{"name":"wp","href":"https:\/\/api.w.org\/{rel}","templated":true}]}}