{"id":132450,"date":"2025-10-30T11:27:08","date_gmt":"2025-10-30T11:27:08","guid":{"rendered":"https:\/\/www.europesays.com\/pt\/132450\/"},"modified":"2025-10-30T11:27:08","modified_gmt":"2025-10-30T11:27:08","slug":"senar-leva-ap-campo-tecnologia-inedita-de-deteccao-do-cancer-de-mama","status":"publish","type":"post","link":"https:\/\/www.europesays.com\/pt\/132450\/","title":{"rendered":"Senar leva \u00e3p campo tecnologia in\u00e9dita de detec\u00e7\u00e3o do c\u00e2ncer de mama"},"content":{"rendered":"<p class=\"text-justify\">O Servi\u00e7o Nacional de Aprendizagem Rural (Senar) inicia, em novembro, um projeto-piloto que levar\u00e1 um exame de sangue inovador para rastreamento do c\u00e2ncer de mama a mulheres de \u00e1reas rurais dos estados de S\u00e3o Paulo e Cear\u00e1.<\/p>\n<p class=\"text-justify\">A a\u00e7\u00e3o integrar\u00e1 o programa \u201cSemear \u00e9 Cuidar\u201d, em S\u00e3o Paulo, e o <strong>\u201cSa\u00fade da Mulher Rural\u201d<\/strong>, em Quixad\u00e1 (CE), iniciativas conduzidas, respectivamente, pelas Federa\u00e7\u00f5es de Agricultura e Pecu\u00e1ria dos Estados de S\u00e3o Paulo (Faesp) e do Cear\u00e1 (Faec), com o apoio t\u00e9cnico do Senar. Ao todo, 600 mulheres devem ser beneficiadas.<\/p>\n<p><a rel=\"noopener nofollow\" aria-label=\"pube\" target=\"_blank\" href=\"https:\/\/sebrae.com.br\/sites\/PortalSebrae\/ufs\/es\" set-click-id=\"468616\"><img loading=\"lazy\" data-lazyloaded=\"1\" width=\"970\" height=\"250\" decoding=\"async\" alt=\"pube\" src=\"https:\/\/www.europesays.com\/pt\/wp-content\/uploads\/2025\/10\/970-x-250-px-Joelma-Morango.gif\"\/><\/a><\/p>\n<p class=\"text-justify\">O projeto- piloto foi viabilizado por meio de uma parceria in\u00e9dita entre o Senar, o Instituto CNA e a empresa de biotecnologia LiqSci, desenvolvedora do RosalindTest, exame que avalia a atividade de genes relacionados \u00e0 fisiologia do c\u00e2ncer de mama.<\/p>\n<p class=\"text-justify\">Em estudos pr\u00e9vios, o RosalindTest apresentou 95% de acur\u00e1cia na identifica\u00e7\u00e3o de mulheres com ou sem c\u00e2ncer de mama, podendo indicar a necessidade de encaminhamento para exames confirmat\u00f3rios, como mamografia ou bi\u00f3psia. O diagn\u00f3stico permanece sendo responsabilidade exclusiva do m\u00e9dico assistente.<\/p>\n<blockquote>\n<p class=\"text-justify\"><strong>\u201cA iniciativa refor\u00e7a o compromisso do Senar em promover sa\u00fade e qualidade de vida no campo. Cuidar de quem produz alimento \u00e9 nossa miss\u00e3o di\u00e1ria. Neste piloto, unimos a capilaridade da nossa rede com uma tecnologia inovadora para ampliar o acesso ao diagn\u00f3stico precoce do c\u00e2ncer de mama entre mulheres que vivem longe dos grandes centros. Esperamos estabelecer um modelo seguro, complementar \u00e0 mamografia, que possa transformar o cen\u00e1rio de mortalidade por c\u00e2ncer de mama e inspirar novas solu\u00e7\u00f5es de inova\u00e7\u00e3o em sa\u00fade,\u201d<\/strong> afirmou o diretor-geral do Senar, Daniel Carrara.<\/p>\n<\/blockquote>\n<p class=\"text-justify\">O teste n\u00e3o substitui a mamografia, devendo ser utilizado como t\u00e9cnica complementar. <strong>\u201cO RosalindTest surge como uma alternativa complementar que permite levar medicina de precis\u00e3o \u00e0s comunidades mais remotas do Brasil. A tecnologia se soma \u00e0s estrat\u00e9gias j\u00e1 existentes, como a mamografia, para identificar cedo quem mais precisa de cuidado\u201d,<\/strong> explica o professor Dr. Fernando Fonseca, titular de An\u00e1lises Cl\u00ednicas da Faculdade de Medicina do ABC e cofundador da LiqSci.<\/p>\n<p class=\"text-justify\">O projeto-piloto tamb\u00e9m permitir\u00e1 avaliar a experi\u00eancia das mulheres, os fluxos de atendimento e a efetividade operacional para futura expans\u00e3o nacional.<\/p>\n","protected":false},"excerpt":{"rendered":"O Servi\u00e7o Nacional de Aprendizagem Rural (Senar) inicia, em novembro, um projeto-piloto que levar\u00e1 um exame de sangue&hellip;\n","protected":false},"author":2,"featured_media":132451,"comment_status":"","ping_status":"","sticky":false,"template":"","format":"standard","meta":{"footnotes":""},"categories":[86],"tags":[8037,8041,8040,8039,116,13,32,33,1292,8038,117],"class_list":{"0":"post-132450","1":"post","2":"type-post","3":"status-publish","4":"format-standard","5":"has-post-thumbnail","7":"category-saude","8":"tag-agricultura-capixaba","9":"tag-agro","10":"tag-agronegocio","11":"tag-caparao","12":"tag-health","13":"tag-noticias","14":"tag-portugal","15":"tag-pt","16":"tag-revista","17":"tag-safra-es","18":"tag-saude"},"share_on_mastodon":{"url":"https:\/\/pubeurope.com\/@pt\/115462880997536607","error":""},"_links":{"self":[{"href":"https:\/\/www.europesays.com\/pt\/wp-json\/wp\/v2\/posts\/132450","targetHints":{"allow":["GET"]}}],"collection":[{"href":"https:\/\/www.europesays.com\/pt\/wp-json\/wp\/v2\/posts"}],"about":[{"href":"https:\/\/www.europesays.com\/pt\/wp-json\/wp\/v2\/types\/post"}],"author":[{"embeddable":true,"href":"https:\/\/www.europesays.com\/pt\/wp-json\/wp\/v2\/users\/2"}],"replies":[{"embeddable":true,"href":"https:\/\/www.europesays.com\/pt\/wp-json\/wp\/v2\/comments?post=132450"}],"version-history":[{"count":0,"href":"https:\/\/www.europesays.com\/pt\/wp-json\/wp\/v2\/posts\/132450\/revisions"}],"wp:featuredmedia":[{"embeddable":true,"href":"https:\/\/www.europesays.com\/pt\/wp-json\/wp\/v2\/media\/132451"}],"wp:attachment":[{"href":"https:\/\/www.europesays.com\/pt\/wp-json\/wp\/v2\/media?parent=132450"}],"wp:term":[{"taxonomy":"category","embeddable":true,"href":"https:\/\/www.europesays.com\/pt\/wp-json\/wp\/v2\/categories?post=132450"},{"taxonomy":"post_tag","embeddable":true,"href":"https:\/\/www.europesays.com\/pt\/wp-json\/wp\/v2\/tags?post=132450"}],"curies":[{"name":"wp","href":"https:\/\/api.w.org\/{rel}","templated":true}]}}