{"id":132454,"date":"2025-10-30T11:30:13","date_gmt":"2025-10-30T11:30:13","guid":{"rendered":"https:\/\/www.europesays.com\/pt\/132454\/"},"modified":"2025-10-30T11:30:13","modified_gmt":"2025-10-30T11:30:13","slug":"ine-economia-cresceu-24-no-terceiro-trimestre","status":"publish","type":"post","link":"https:\/\/www.europesays.com\/pt\/132454\/","title":{"rendered":"INE. Economia cresceu 2,4% no terceiro trimestre"},"content":{"rendered":"<p>&#13;<br \/>\n&#8220;O Produto Interno Bruto (PIB), em volume, <b>registou uma varia\u00e7\u00e3o hom\u00f3loga de 2,4% no 3\u00ba trimestre de 2025<\/b>, ap\u00f3s ter aumentado 1,8% no trimestre precedente&#8221;, l\u00ea-se numa nota do INE.&#13;\n<\/p>\n<p>&#13;<br \/>\n&#8220;O contributo negativo da procura externa l\u00edquida para a varia\u00e7\u00e3o hom\u00f3loga do PIB foi menos acentuado, refletindo a acelera\u00e7\u00e3o das exporta\u00e7\u00f5es de bens e servi\u00e7os e uma ligeira desacelera\u00e7\u00e3o das importa\u00e7\u00f5es de bens e servi\u00e7os&#8221;, explica.&#13;\n<\/p>\n<p>&#13;<br \/>\nSegundo o instituto, &#8220;o contributo positivo da procura interna para a varia\u00e7\u00e3o hom\u00f3loga do PIB manteve-se pr\u00f3ximo do observado no trimestre anterior, verificando-se <b>uma acelera\u00e7\u00e3o do consumo privado e uma desacelera\u00e7\u00e3o do investimento<\/b>&#8220;.&#13;\n<\/p>\n<p>&#13;<br \/>\nComparando com o segundo trimestre de 2025, &#8220;o PIB aumentou 0,8% em volume, ap\u00f3s um crescimento de 0,7% no trimestre anterior&#8221;, adianta.&#13;\n<\/p>\n<p>&#13;<br \/>\n&#8220;O contributo positivo da procura interna para a varia\u00e7\u00e3o em cadeia do PIB aumentou, refletindo a acelera\u00e7\u00e3o do consumo privado. Por outro lado, <b>o contributo da procura externa l\u00edquida foi mais negativo<\/b>, tendo a acelera\u00e7\u00e3o das importa\u00e7\u00f5es de bens e servi\u00e7os sido mais pronunciada que a das exporta\u00e7\u00f5es de bens e servi\u00e7os&#8221;.\u00a0&#13;\n<\/p>\n<p>Indicador de confian\u00e7a dos consumidores aumenta<br \/>\nO INE divulgou ainda que o indicador de confian\u00e7a dos consumidores aumentou em setembro e outubro, ap\u00f3s ter diminu\u00eddo no m\u00eas anterior.<\/p>\n<p><b>\u201cA evolu\u00e7\u00e3o observada no \u00faltimo m\u00eas resultou dos contributos positivos das perspetivas sobre a evolu\u00e7\u00e3o futura da realiza\u00e7\u00e3o de compras importantes por parte das fam\u00edlias, da situa\u00e7\u00e3o econ\u00f3mica do pa\u00eds e da situa\u00e7\u00e3o financeira do agregado familiar\u201d<\/b>, explica o instituto.<\/p>\n<p>\u201cEm sentido contr\u00e1rio, as opini\u00f5es sobre a evolu\u00e7\u00e3o passada da situa\u00e7\u00e3o financeira do agregado familiar registaram um contributo negativo\u201d.<\/p>\n<p>O saldo das opini\u00f5es dos consumidores sobre a evolu\u00e7\u00e3o passada dos pre\u00e7os \u201caumentou significativamente em outubro, ap\u00f3s ter diminu\u00eddo nos dois meses anteriores, enquanto o saldo das expectativas sobre a evolu\u00e7\u00e3o futura dos pre\u00e7os diminuiu em setembro e outubro, de forma expressiva no \u00faltimo m\u00eas, ap\u00f3s os aumentos observados nos dois meses precedentes\u201d, real\u00e7a.<\/p>\n<p>J\u00e1 <b>o indicador de clima econ\u00f3mico diminuiu em outubro<\/b>, \u201cinterrompendo o movimento ascendente observado nos \u00faltimos tr\u00eas meses\u201d.<\/p>\n<p>\u201cOs indicadores de confian\u00e7a diminu\u00edram na Ind\u00fastria Transformadora e nos Servi\u00e7os, tendo aumentado no Com\u00e9rcio e na Constru\u00e7\u00e3o e Obras P\u00fablicas\u201d, frisa a nota do INE.<\/p>\n","protected":false},"excerpt":{"rendered":"&#13; &#8220;O Produto Interno Bruto (PIB), em volume, registou uma varia\u00e7\u00e3o hom\u00f3loga de 2,4% no 3\u00ba trimestre de&hellip;\n","protected":false},"author":2,"featured_media":132455,"comment_status":"","ping_status":"","sticky":false,"template":"","format":"standard","meta":{"footnotes":""},"categories":[83],"tags":[88,476,89,90,3657,4860,30036,3658,32,33],"class_list":{"0":"post-132454","1":"post","2":"type-post","3":"status-publish","4":"format-standard","5":"has-post-thumbnail","7":"category-empresas","8":"tag-business","9":"tag-economia","10":"tag-economy","11":"tag-empresas","12":"tag-estatistica","13":"tag-ine","14":"tag-instituto","15":"tag-pib","16":"tag-portugal","17":"tag-pt"},"share_on_mastodon":{"url":"https:\/\/pubeurope.com\/@pt\/115462892737812918","error":""},"_links":{"self":[{"href":"https:\/\/www.europesays.com\/pt\/wp-json\/wp\/v2\/posts\/132454","targetHints":{"allow":["GET"]}}],"collection":[{"href":"https:\/\/www.europesays.com\/pt\/wp-json\/wp\/v2\/posts"}],"about":[{"href":"https:\/\/www.europesays.com\/pt\/wp-json\/wp\/v2\/types\/post"}],"author":[{"embeddable":true,"href":"https:\/\/www.europesays.com\/pt\/wp-json\/wp\/v2\/users\/2"}],"replies":[{"embeddable":true,"href":"https:\/\/www.europesays.com\/pt\/wp-json\/wp\/v2\/comments?post=132454"}],"version-history":[{"count":0,"href":"https:\/\/www.europesays.com\/pt\/wp-json\/wp\/v2\/posts\/132454\/revisions"}],"wp:featuredmedia":[{"embeddable":true,"href":"https:\/\/www.europesays.com\/pt\/wp-json\/wp\/v2\/media\/132455"}],"wp:attachment":[{"href":"https:\/\/www.europesays.com\/pt\/wp-json\/wp\/v2\/media?parent=132454"}],"wp:term":[{"taxonomy":"category","embeddable":true,"href":"https:\/\/www.europesays.com\/pt\/wp-json\/wp\/v2\/categories?post=132454"},{"taxonomy":"post_tag","embeddable":true,"href":"https:\/\/www.europesays.com\/pt\/wp-json\/wp\/v2\/tags?post=132454"}],"curies":[{"name":"wp","href":"https:\/\/api.w.org\/{rel}","templated":true}]}}