{"id":132456,"date":"2025-10-30T11:31:17","date_gmt":"2025-10-30T11:31:17","guid":{"rendered":"https:\/\/www.europesays.com\/pt\/132456\/"},"modified":"2025-10-30T11:31:17","modified_gmt":"2025-10-30T11:31:17","slug":"kiev-rejeita-anuncio-de-putin-de-cerco-russo-a-duas-cidades-ucranianas","status":"publish","type":"post","link":"https:\/\/www.europesays.com\/pt\/132456\/","title":{"rendered":"Kiev rejeita an\u00fancio de Putin de cerco russo a duas cidades ucranianas"},"content":{"rendered":"<p>&#13;<br \/>\nNuma reuni\u00e3o com soldados feridos num hospital militar de Moscovo, na quarta-feira, Putin sugeriu que os militares russos estavam prontos para abrir corredores seguros e deixar os jornalistas ucranianos e ocidentais &#8220;ver com os seus pr\u00f3prios olhos o que est\u00e1 a acontecer&#8221;.&#13;\n<\/p>\n<p>&#13;<br \/>\nO l\u00edder russo firmou que as tropas ucranianas est\u00e3o cercadas em Pokrovsk, um importante basti\u00e3o na regi\u00e3o leste de Donetsk, e em Kupiansk, um entroncamento ferrovi\u00e1rio na regi\u00e3o nordeste de Kharkiv.&#13;\n<\/p>\n<p>&#13;<br \/>\nA R\u00fassia alargou recentemente a j\u00e1 significativa vantagem que detinha em termos de tropas e armamento em pontos-chave ao longo da linha da frente de cerca de mil quil\u00f3metros, quase quatro anos depois de ter invadido o pa\u00eds vizinho.&#13;\n<\/p>\n<p>&#13;<br \/>\nMas as for\u00e7as armadas ucranianas disseram que as alega\u00e7\u00f5es de que Kupiansk est\u00e1 cercada s\u00e3o &#8220;inven\u00e7\u00f5es e fantasias&#8221;, enquanto o porta-voz das for\u00e7as do leste da Ucr\u00e2nia, Hryhorii Shapoval, disse \u00e0 ag\u00eancia de not\u00edcias Associated Press (AP) que a situa\u00e7\u00e3o em Pokrovsk \u00e9 &#8220;dif\u00edcil, mas controlada&#8221;.&#13;\n<\/p>\n<p>&#13;<br \/>\nO 7\u00ba Corpo de Rea\u00e7\u00e3o R\u00e1pida do Ex\u00e9rcito Ucraniano, que defende Pokrovsk, disse que a R\u00fassia tinha mobilizado cerca de 11 mil soldados numa tentativa de cercar a cidade.&#13;\n<\/p>\n<p>&#13;<br \/>\nAlgumas unidades russas conseguiram infiltrar-se em Pokrovsk, reconheceu o corpo, numa publica\u00e7\u00e3o nas redes sociais.&#13;\n<\/p>\n<p>&#13;<br \/>\nAs autoridades russas j\u00e1 fizeram alega\u00e7\u00f5es no passado sobre a captura de cidades ucranianas que se revelaram falsas. N\u00e3o foi poss\u00edvel verificar de forma independente as alega\u00e7\u00f5es de Moscovo.&#13;\n<\/p>\n<p>&#13;<br \/>\nO Presidente da R\u00fassia indicou na quarta-feira que a R\u00fassia est\u00e1 aberta a um acordo para a rendi\u00e7\u00e3o das tropas ucranianas nas duas cidades.&#13;\n<\/p>\n<p>&#13;<br \/>\nUma visita da imprensa \u00e0s \u00e1reas permitiria aos rep\u00f3rteres ver &#8220;as condi\u00e7\u00f5es em que as tropas ucranianas cercadas se encontram, para que a lideran\u00e7a pol\u00edtica da Ucr\u00e2nia possa tomar as decis\u00f5es relevantes sobre o destino dos seus cidad\u00e3os&#8221;, disse Putin.&#13;\n<\/p>\n<p>&#13;<br \/>\nPequenos grupos de soldados russos est\u00e3o envolvidos em combates casa a casa em Kupiansk e Pokrovsk, disseram autoridades ucranianas e `bloggers` de guerra russos, enquanto a artilharia e os drones alvejam estradas.&#13;\n<\/p>\n<p>&#13;<br \/>\nOs militares ucranianos dependem cada vez mais de `drones` para abastecer as tropas.&#13;\n<\/p>\n<p>&#13;<br \/>\nO Instituto para o Estudo da Guerra disse na noite de ter\u00e7a-feira que as for\u00e7as russas avan\u00e7aram na zona de Pokrovsk, mas &#8220;quase de certeza que n\u00e3o controlam atualmente qualquer posi\u00e7\u00e3o dentro da pr\u00f3pria cidade&#8221;.&#13;\n<\/p>\n<p>&#13;<br \/>\nO grupo de reflex\u00e3o com sede nos Estados Unidos acrescentou que os avan\u00e7os &#8220;dificilmente provocar\u00e3o um colapso imediato do enclave ucraniano na dire\u00e7\u00e3o de Pokrovsk&#8221;.&#13;<\/p>\n","protected":false},"excerpt":{"rendered":"&#13; Numa reuni\u00e3o com soldados feridos num hospital militar de Moscovo, na quarta-feira, Putin sugeriu que os militares&hellip;\n","protected":false},"author":2,"featured_media":132457,"comment_status":"","ping_status":"","sticky":false,"template":"","format":"standard","meta":{"footnotes":""},"categories":[50],"tags":[27,28,15,16,14,4167,30038,25,26,21,22,62,12,13,19,20,3106,23,24,30037,17,18,29,30,31,63,64,65],"class_list":{"0":"post-132456","1":"post","2":"type-post","3":"status-publish","4":"format-standard","5":"has-post-thumbnail","7":"category-mundo","8":"tag-breaking-news","9":"tag-breakingnews","10":"tag-featured-news","11":"tag-featurednews","12":"tag-headlines","13":"tag-kiev","14":"tag-kupiansk","15":"tag-latest-news","16":"tag-latestnews","17":"tag-main-news","18":"tag-mainnews","19":"tag-mundo","20":"tag-news","21":"tag-noticias","22":"tag-noticias-principais","23":"tag-noticiasprincipais","24":"tag-pokrovsk","25":"tag-principais-noticias","26":"tag-principaisnoticias","27":"tag-reacao-rapida","28":"tag-top-stories","29":"tag-topstories","30":"tag-ultimas","31":"tag-ultimas-noticias","32":"tag-ultimasnoticias","33":"tag-world","34":"tag-world-news","35":"tag-worldnews"},"share_on_mastodon":{"url":"https:\/\/pubeurope.com\/@pt\/115462896528141599","error":""},"_links":{"self":[{"href":"https:\/\/www.europesays.com\/pt\/wp-json\/wp\/v2\/posts\/132456","targetHints":{"allow":["GET"]}}],"collection":[{"href":"https:\/\/www.europesays.com\/pt\/wp-json\/wp\/v2\/posts"}],"about":[{"href":"https:\/\/www.europesays.com\/pt\/wp-json\/wp\/v2\/types\/post"}],"author":[{"embeddable":true,"href":"https:\/\/www.europesays.com\/pt\/wp-json\/wp\/v2\/users\/2"}],"replies":[{"embeddable":true,"href":"https:\/\/www.europesays.com\/pt\/wp-json\/wp\/v2\/comments?post=132456"}],"version-history":[{"count":0,"href":"https:\/\/www.europesays.com\/pt\/wp-json\/wp\/v2\/posts\/132456\/revisions"}],"wp:featuredmedia":[{"embeddable":true,"href":"https:\/\/www.europesays.com\/pt\/wp-json\/wp\/v2\/media\/132457"}],"wp:attachment":[{"href":"https:\/\/www.europesays.com\/pt\/wp-json\/wp\/v2\/media?parent=132456"}],"wp:term":[{"taxonomy":"category","embeddable":true,"href":"https:\/\/www.europesays.com\/pt\/wp-json\/wp\/v2\/categories?post=132456"},{"taxonomy":"post_tag","embeddable":true,"href":"https:\/\/www.europesays.com\/pt\/wp-json\/wp\/v2\/tags?post=132456"}],"curies":[{"name":"wp","href":"https:\/\/api.w.org\/{rel}","templated":true}]}}