{"id":132468,"date":"2025-10-30T11:41:08","date_gmt":"2025-10-30T11:41:08","guid":{"rendered":"https:\/\/www.europesays.com\/pt\/132468\/"},"modified":"2025-10-30T11:41:08","modified_gmt":"2025-10-30T11:41:08","slug":"cuidado-integral-e-tecnologia-redefinem-a-jornada-do-paciente-oncologico","status":"publish","type":"post","link":"https:\/\/www.europesays.com\/pt\/132468\/","title":{"rendered":"Cuidado integral e tecnologia redefinem a jornada do paciente oncol\u00f3gico"},"content":{"rendered":"<p><img decoding=\"async\" src=\"https:\/\/www.europesays.com\/pt\/wp-content\/uploads\/2025\/10\/saude_americas_logo-1-1761747414723.jpg\" alt=\"Logo parceiro\" loading=\"lazy\"\/><\/p>\n<p>Por Rede Am\u00e9ricas e Estad\u00e3o Blue Studio<\/p>\n<p>30\/10\/2025 | 08h00<\/p>\n<p data-component-name=\"paragraph\" class=\"styles__ParagraphStyled-sc-6adecn-0 gsLklW  \">Apesar dos avan\u00e7os no diagn\u00f3stico e no tratamento do c\u00e2ncer, muitas pessoas ainda descobrem a doen\u00e7a em est\u00e1gios avan\u00e7ados. No Brasil, mais de 70% dos casos de tumor de mama, por exemplo, ainda s\u00e3o diagnosticados tardiamente, segundo a Federa\u00e7\u00e3o Brasileira de Institui\u00e7\u00f5es Filantr\u00f3picas de Apoio \u00e0 Sa\u00fade da Mama (Femana)\u00b9. O dado ajuda a explicar por que a doen\u00e7a segue sendo a principal causa de morte por neoplastia entre mulheres no Pa\u00eds. De acordo com o Instituto Nacional de C\u00e2ncer (Inca), s\u00e3o 74,4 mil novos casos estimados por ano para o tri\u00eanio 2023\u20132025, com 66,5 casos a cada 100 mil mulheres\u00b2.<\/p>\n<p data-component-name=\"paragraph\" class=\"styles__ParagraphStyled-sc-6adecn-0 gsLklW  \">Para a oncologista Renata Arakelian, dos hospitais Nove de Julho e Santa Paula, que fazem parte da Rede Am\u00e9ricas, o atraso no diagn\u00f3stico est\u00e1 ligado n\u00e3o apenas ao acesso a exames, mas tamb\u00e9m \u00e0 falta de informa\u00e7\u00e3o qualificada. \u201c\u00c9 fundamental que todos conhe\u00e7am quais c\u00e2nceres t\u00eam rastreamento comprovadamente eficaz. O diagn\u00f3stico precoce aumenta muito as chances de cura\u201d, diz. Ela lembra que os tumores de mama, colo do \u00fatero e intestino t\u00eam protocolos bem definidos de rastreamento e defende que m\u00e9dicos de aten\u00e7\u00e3o prim\u00e1ria sejam aliados nesse processo.<\/p>\n<p><img  loading=\"lazy\" class=\"lazy-load-img\"\/><\/p>\n<p>Renata Arakelian, oncologista dos hospitais Santa Paula e Nove de Julho, da Rede Am\u00e9ricas, durante painel do Estad\u00e3o Summit Sa\u00fade 2025\u00a0Foto:  Vinicius Davis\/Estad\u00e3o <\/p>\n<p data-component-name=\"paragraph\" class=\"styles__ParagraphStyled-sc-6adecn-0 gsLklW  \">A especialista ressalta que a mamografia deve come\u00e7ar aos 40 anos \u2014 idade recentemente adotada tamb\u00e9m no Sistema \u00danico de Sa\u00fade (SUS) \u2014 e que a colonoscopia \u00e9 indicada a partir dos 45 anos para pessoas sem hist\u00f3rico familiar da doen\u00e7a. \u201cConhecer o pr\u00f3prio corpo e manter h\u00e1bitos saud\u00e1veis s\u00e3o medidas que complementam os exames e ajudam na detec\u00e7\u00e3o precoce\u201d, refor\u00e7a.<\/p>\n<p data-component-name=\"paragraph\" class=\"styles__ParagraphStyled-sc-6adecn-0 gsLklW  \">Em um sistema de sa\u00fade frequentemente marcado pela fragmenta\u00e7\u00e3o, a integra\u00e7\u00e3o entre diagn\u00f3stico, tratamento e acompanhamento \u00e9 vista como um caminho para reduzir perdas e melhorar resultados. \u201cQuando o paciente precisa circular por diferentes servi\u00e7os, h\u00e1 risco de atraso e at\u00e9 de perda de informa\u00e7\u00e3o\u201d, afirma Carlos Loja, diretor m\u00e9dico da Rede Am\u00e9ricas. \u201cUm cuidado cont\u00ednuo, com equipes que se comunicam, faz diferen\u00e7a no desfecho\u201d, completa. <\/p>\n<p data-component-name=\"paragraph\" class=\"styles__ParagraphStyled-sc-6adecn-0 gsLklW  \">A institui\u00e7\u00e3o, segunda maior rede de hospitais do Brasil \u2014 resultado da joint venture entre Dasa e Amil \u2014, re\u00fane 27 hospitais e 42 unidades oncol\u00f3gicas em oito estados e no Distrito Federal, aposta em em equipes multidiciplinares \u2014 formadas por m\u00e9dicos, enfermeiros, farmac\u00eauticos, nutricionistas, psic\u00f3logos e fisioterapeutas \u2014 e em profissionais conhecidos como enfermeiros-navegadores, que acompanham o paciente em todos os momentos da jornada. \u201cEsses profissionais orientam e agilizam cada etapa, garantindo que o tratamento ocorra no tempo certo\u201d, explica Loja.<\/p>\n<p data-component-name=\"paragraph\" class=\"styles__ParagraphStyled-sc-6adecn-0 gsLklW  \">Os avan\u00e7os tecnol\u00f3gicos tamb\u00e9m t\u00eam ampliado a precis\u00e3o dos diagn\u00f3sticos. A Rede Am\u00e9ricas, por exemplo, utiliza recursos de intelig\u00eancia artificial para analisar exames de imagem, patologia digital e testes gen\u00e9ticos, em parceria com a Dasa. \u201cA tecnologia ajuda a acelerar o diagn\u00f3stico e a comparar amostras, o que traz mais seguran\u00e7a e assertividade \u00e0s decis\u00f5es m\u00e9dicas\u201d, diz Loja.<\/p>\n<p data-component-name=\"paragraph\" class=\"styles__ParagraphStyled-sc-6adecn-0 gsLklW  \">Para Renata, tecnologia e acolhimento precisam caminhar juntos. \u201cO diagn\u00f3stico de c\u00e2ncer muda a vida de uma pessoa. Por isso, o cuidado deve considerar tamb\u00e9m os aspectos emocionais e sociais do paciente\u201d, afirma. Grupos de dor, psicologia cl\u00ednica e terapias complementares integram o suporte oferecido.<\/p>\n<p data-component-name=\"paragraph\" class=\"styles__ParagraphStyled-sc-6adecn-0 gsLklW  \">A m\u00e9dica alerta ainda para os riscos da desinforma\u00e7\u00e3o em temas de sa\u00fade. \u201cVivemos um paradoxo: nunca houve tanto acesso \u00e0 informa\u00e7\u00e3o e, ao mesmo tempo, tanta desinforma\u00e7\u00e3o. \u00c9 essencial buscar fontes confi\u00e1veis, como sociedades m\u00e9dicas e institui\u00e7\u00f5es reconhecidas\u201d, refor\u00e7a.<\/p>\n<p data-component-name=\"paragraph\" class=\"styles__ParagraphStyled-sc-6adecn-0 gsLklW  \">A participa\u00e7\u00e3o da Rede Am\u00e9ricas no Summit Sa\u00fade, promovido pelo Estad\u00e3o, refor\u00e7ou o debate sobre os caminhos para ampliar o rastreamento e a integra\u00e7\u00e3o no cuidado oncol\u00f3gico. \u201cEventos assim ajudam a difundir conhecimento e estimulam o di\u00e1logo entre profissionais, pacientes e gestores\u201d, avalia Loja.<\/p>\n<p data-component-name=\"paragraph\" class=\"styles__ParagraphStyled-sc-6adecn-0 gsLklW  \">Para os especialistas, a combina\u00e7\u00e3o de ci\u00eancia, tecnologia e empatia \u00e9 o que deve guiar o futuro da oncologia no Brasil, um campo em que cada minuto conta. \u201cCada pessoa precisa conhecer o pr\u00f3prio corpo e procurar orienta\u00e7\u00e3o m\u00e9dica ao notar qualquer altera\u00e7\u00e3o. A informa\u00e7\u00e3o \u00e9 uma aliada poderosa, e o diagn\u00f3stico precoce continua sendo a nossa maior arma contra o c\u00e2ncer\u201d,<strong> <\/strong>conclui Renata.<\/p>\n<p data-component-name=\"paragraph\" class=\"styles__ParagraphStyled-sc-6adecn-0 gsLklW  \">\u00b9Federa\u00e7\u00e3o Brasileira de Institui\u00e7\u00f5es Filantr\u00f3picas de Apoio \u00e0 Sa\u00fade da Mama (Femana). Por que mais de 70% dos casos de c\u00e2ncer de mama no Brasil s\u00e3o diagnosticados em est\u00e1gio avan\u00e7ado. Publica\u00e7\u00e3o da FEMAMA, 2019. Dispon\u00edvel em: <a href=\"https:\/\/femama.org.br\/site\/noticias-recentes\/por-que-mais-de-70-dos-casos-de-cancer-de-mama-no-brasil-sao-diagnosticados-em-estagio-avancado\/?utm_source=chatgpt.com\" target=\"_blank\" rel=\"nofollow noopener\">https:\/\/femama.org.br\/site\/noticias-recentes\/por-que-mais-de-70-dos-casos-de-cancer-de-mama-no-brasil-sao-diagnosticados-em-estagio-avancado\/<\/a> . Acesso em outubro de 2025. <\/p>\n<p data-component-name=\"paragraph\" class=\"styles__ParagraphStyled-sc-6adecn-0 gsLklW  \">\u00b2Instituto Nacional de C\u00e2ncer (Inca). Estimativa de Incid\u00eancia de C\u00e2ncer no Brasil, 2023-2025. Minist\u00e9rio da Sa\u00fade, 2022. Dispon\u00edvel em: <a href=\"https:\/\/www.gov.br\/inca\/pt-br\/assuntos\/cancer\/numeros\/estimativa\/sintese-de-resultados-e-comentarios?utm_source=chatgpt.com\" target=\"_blank\" rel=\"nofollow noopener\">https:\/\/www.gov.br\/inca\/pt-br\/assuntos\/cancer\/numeros\/estimativa\/sintese-de-resultados-e-comentarios<\/a> . Acesso em outubro de 2025. <\/p>\n","protected":false},"excerpt":{"rendered":"Por Rede Am\u00e9ricas e Estad\u00e3o Blue Studio 30\/10\/2025 | 08h00 Apesar dos avan\u00e7os no diagn\u00f3stico e no tratamento&hellip;\n","protected":false},"author":2,"featured_media":132469,"comment_status":"","ping_status":"","sticky":false,"template":"","format":"standard","meta":{"footnotes":""},"categories":[86],"tags":[12085,1772,10666,29982,29983,19309,29984,1776,5486,29985,1779,7670,177,16911,29986,29987,1786,29988,29989,7672,12455,4192,116,389,1789,7367,29990,29991,29992,4195,12458,1791,29993,5501,1794,1795,12460,4200,1112,1113,20215,32,12096,15097,33,29994,29995,117,105,7502,11828,1810,1122],"class_list":{"0":"post-132468","1":"post","2":"type-post","3":"status-publish","4":"format-standard","5":"has-post-thumbnail","7":"category-saude","8":"tag-adult","9":"tag-background","10":"tag-bag","11":"tag-barium","12":"tag-blockage","13":"tag-bowel","14":"tag-ca","15":"tag-cancer","16":"tag-care","17":"tag-chloride","18":"tag-clinic","19":"tag-clinical","20":"tag-coffee","21":"tag-colon","22":"tag-comforting","23":"tag-detoxification","24":"tag-doctor","25":"tag-douche","26":"tag-enema","27":"tag-equipment","28":"tag-examination","29":"tag-hand","30":"tag-health","31":"tag-healthy","32":"tag-hospital","33":"tag-illness","34":"tag-intern","35":"tag-intoxication","36":"tag-irrigation","37":"tag-isolated","38":"tag-job","39":"tag-laboratory","40":"tag-lavage","41":"tag-medic","42":"tag-medical","43":"tag-medicine","44":"tag-nurse","45":"tag-pain","46":"tag-people","47":"tag-person","48":"tag-poisoning","49":"tag-portugal","50":"tag-professional","51":"tag-protective","52":"tag-pt","53":"tag-rinse","54":"tag-rubber","55":"tag-saude","56":"tag-science","57":"tag-therapy","58":"tag-uniform","59":"tag-white","60":"tag-work"},"share_on_mastodon":{"url":"","error":"Validation failed: Text character limit of 500 exceeded"},"_links":{"self":[{"href":"https:\/\/www.europesays.com\/pt\/wp-json\/wp\/v2\/posts\/132468","targetHints":{"allow":["GET"]}}],"collection":[{"href":"https:\/\/www.europesays.com\/pt\/wp-json\/wp\/v2\/posts"}],"about":[{"href":"https:\/\/www.europesays.com\/pt\/wp-json\/wp\/v2\/types\/post"}],"author":[{"embeddable":true,"href":"https:\/\/www.europesays.com\/pt\/wp-json\/wp\/v2\/users\/2"}],"replies":[{"embeddable":true,"href":"https:\/\/www.europesays.com\/pt\/wp-json\/wp\/v2\/comments?post=132468"}],"version-history":[{"count":0,"href":"https:\/\/www.europesays.com\/pt\/wp-json\/wp\/v2\/posts\/132468\/revisions"}],"wp:featuredmedia":[{"embeddable":true,"href":"https:\/\/www.europesays.com\/pt\/wp-json\/wp\/v2\/media\/132469"}],"wp:attachment":[{"href":"https:\/\/www.europesays.com\/pt\/wp-json\/wp\/v2\/media?parent=132468"}],"wp:term":[{"taxonomy":"category","embeddable":true,"href":"https:\/\/www.europesays.com\/pt\/wp-json\/wp\/v2\/categories?post=132468"},{"taxonomy":"post_tag","embeddable":true,"href":"https:\/\/www.europesays.com\/pt\/wp-json\/wp\/v2\/tags?post=132468"}],"curies":[{"name":"wp","href":"https:\/\/api.w.org\/{rel}","templated":true}]}}