{"id":132488,"date":"2025-10-30T12:01:13","date_gmt":"2025-10-30T12:01:13","guid":{"rendered":"https:\/\/www.europesays.com\/pt\/132488\/"},"modified":"2025-10-30T12:01:13","modified_gmt":"2025-10-30T12:01:13","slug":"comandante-admite-que-o-exercito-dos-eua-tem-um-problema-excesso-de-drones","status":"publish","type":"post","link":"https:\/\/www.europesays.com\/pt\/132488\/","title":{"rendered":"Comandante admite que o ex\u00e9rcito dos EUA tem um problema: excesso de drones"},"content":{"rendered":"<p>Os drones s\u00e3o parte da artilharia moderna, com as guerras em curso a corroborar a sua import\u00e2ncia. Segundo um comandante dos Estados Unidos da Am\u00e9rica (EUA), no entanto, o excesso de tecnologia n\u00e3o \u00e9 necessariamente positivo.<\/p>\n<p><a target=\"_blank\" href=\"https:\/\/pplware.sapo.pt\/wp-content\/uploads\/2025\/10\/mq1_predator_eua_drone.jpg\" onclick=\"refreshIframe()\" class=\"foobox\" rel=\"nofollow noopener\"><img fetchpriority=\"high\" decoding=\"async\" src=\"https:\/\/www.europesays.com\/pt\/wp-content\/uploads\/2025\/10\/mq1_predator_eua_drone-720x405.jpg\" alt=\"Drone MQ-1 Predator\" width=\"720\" height=\"405\" class=\"aligncenter wp-image-1085766 size-medium\"  \/><\/a>\n<\/p>\n<p>O s\u00e9culo XXI comprovou a efic\u00e1cia dos drones na gest\u00e3o da guerra moderna. Al\u00e9m dos conflitos no Afeganist\u00e3o e Iraque, onde os drones foram utilizados para intelig\u00eancia, vigil\u00e2ncia e reconhecimento (em ingl\u00eas, ISR), apoio a\u00e9reo, ataques cin\u00e9ticos, e miss\u00f5es de ca\u00e7a e destrui\u00e7\u00e3o, a guerra entre a R\u00fassia e a Ucr\u00e2nia tem demonstrado a relev\u00e2ncia destes ve\u00edculos a\u00e9reos.<\/p>\n<p>Neste cen\u00e1rio, o coronel Dave Lamborn, comandante da 2.\u00aa Brigada M\u00f3vel, 25.\u00aa Divis\u00e3o de Infantaria no Havai, disse que h\u00e1 um limite m\u00e1ximo para o &#8220;n\u00famero de dispositivos a serem utilizados em forma\u00e7\u00f5es t\u00e1ticas&#8221;, no evento anual da Associa\u00e7\u00e3o do Ex\u00e9rcito dos EUA, em Washington, esta semana.<\/p>\n<p><a target=\"_blank\" href=\"https:\/\/pplware.sapo.pt\/wp-content\/uploads\/2025\/10\/mq_9a_reaper_eua_drone.jpg\" onclick=\"refreshIframe()\" class=\"foobox\" rel=\"nofollow noopener\"><img loading=\"lazy\" decoding=\"async\" src=\"https:\/\/www.europesays.com\/pt\/wp-content\/uploads\/2025\/10\/mq_9a_reaper_eua_drone-720x405.jpg\" alt=\"Drone MQ-9A Reaper\" width=\"720\" height=\"405\" class=\"aligncenter size-medium wp-image-1085765\"  \/><\/a><\/p>\n<p>Excesso de drones sobrecarrega tropas<\/p>\n<p>O Ex\u00e9rcito dos EUA h\u00e1 muito tempo que utiliza drones, desde o MQ-1 Predator ou MQ-9 Reaper at\u00e9 ao RQ-11 Ravens. Recentemente, come\u00e7ou a integr\u00e1-los ao n\u00edvel da companhia e do batalh\u00e3o.<\/p>\n<p>Apesar de serem \u00fateis, o excesso de drones parece estar a resultar num problema para as opera\u00e7\u00f5es terrestres, amea\u00e7ando\u00a0comprometer a capacidade de um soldado os usar de forma eficaz.<\/p>\n<p>Conforme citado pelo <a target=\"_blank\" href=\"https:\/\/www.businessinsider.com\/not-every-us-army-soldier-needs-a-drone-2025-10\" rel=\"nofollow noopener\">Business Insider<\/a>, o comandante Dave Lamborn alertou que equipar um esquadr\u00e3o com drones n\u00e3o \u00e9 necessariamente mau, mas o excesso de ve\u00edculos pode atrapalhar as suas opera\u00e7\u00f5es.<\/p>\n<p>Afinal, com mais drones no ar, caem mais responsabilidades sobre os l\u00edderes do esquadr\u00e3o e as tropas, que est\u00e3o j\u00e1 sobrecarregados com equipamentos.<\/p>\n<p><a target=\"_blank\" href=\"https:\/\/pplware.sapo.pt\/wp-content\/uploads\/2024\/09\/drone_guerra.jpg\" onclick=\"refreshIframe()\" class=\"foobox\" rel=\"nofollow noopener\"><img loading=\"lazy\" decoding=\"async\" src=\"https:\/\/www.europesays.com\/pt\/wp-content\/uploads\/2025\/10\/drone_guerra-720x405.jpg\" alt=\"Drone de guerra a ser segurado por um soldado\" width=\"720\" height=\"405\" class=\"aligncenter size-medium wp-image-1014444\"  \/><\/a><\/p>\n<p>Segundo <a target=\"_blank\" href=\"https:\/\/www.slashgear.com\/2005463\/us-army-colonel-problem-too-many-drones\/\" rel=\"nofollow noopener\">explicado<\/a>, dependendo da miss\u00e3o, as tropas podem estar carregadas com uma espingarda, 210 cartuchos de muni\u00e7\u00e3o, um capacete e colete \u00e0 prova de balas, comida, \u00e1gua e outros bens. O combatente terrestre m\u00e9dio carrega entre 34 e 68 kg de equipamento.<\/p>\n<p>Apesar de os soldados treinarem com o seu equipamento, sendo mais do que capazes de lidar com ele, adicionar carga, como uma unidade de controlo terrestre de um <a target=\"_blank\" href=\"https:\/\/pplware.sapo.pt\/motores\/drones-representam-um-risco-para-os-avioes-tripulados-alerta-estudo\/\" rel=\"nofollow noopener\">drone<\/a>, pode prejudic\u00e1-los.<\/p>\n<p>Assim sendo, al\u00e9m da quantidade de drones, que exige que um l\u00edder de esquadr\u00e3o assuma mais responsabilidades, a falta de soldados treinados \u00e9 um problema que torna as opera\u00e7\u00f5es com drones problem\u00e1ticas para algumas unidades.<\/p>\n<p><a target=\"_blank\" href=\"https:\/\/pplware.sapo.pt\/wp-content\/uploads\/2025\/06\/franca_drones_ucrania00.webp\" rel=\"nofollow noopener\"><img loading=\"lazy\" decoding=\"async\" src=\"https:\/\/www.europesays.com\/pt\/wp-content\/uploads\/2025\/10\/franca_drones_ucrania00-720x405.webp.webp\" alt=\"\" width=\"720\" height=\"405\" class=\"aligncenter size-medium wp-image-1061975\"  \/><\/a><\/p>\n<p>Soldados ucranianos param os seus drones ao tentar parar os russos<\/p>\n<p>Neste sentido do excesso, em agosto, <a target=\"_blank\" href=\"https:\/\/pplware.sapo.pt\/high-tech\/ceu-caotico-soldados-ucranianos-param-os-seus-proprios-drones-ao-tentar-parar-os-russos\/\" rel=\"nofollow noopener\">inform\u00e1mos<\/a> sobre uma reportagem que dava conta de que, \u00e0s vezes, os soldados ucranianos bloqueiam acidentalmente os seus pr\u00f3prios drones ao tentar parar os dos russos.<\/p>\n<p>Na altura, cont\u00e1mos que o enorme volume de drones utilizados na invas\u00e3o da Ucr\u00e2nia pela R\u00fassia resultou numa batalha eletr\u00f3nica, com interfer\u00eancias ruidosas e cortes de liga\u00e7\u00f5es, que confundem os dispositivos inimigos e frustram os operadores que tentam utiliz\u00e1-los para ataque e vigil\u00e2ncia.<\/p>\n<p>\u00a0<\/p>\n<p><strong>Leia tamb\u00e9m:<\/strong><\/p>\n","protected":false},"excerpt":{"rendered":"Os drones s\u00e3o parte da artilharia moderna, com as guerras em curso a corroborar a sua import\u00e2ncia. Segundo&hellip;\n","protected":false},"author":2,"featured_media":132489,"comment_status":"","ping_status":"","sticky":false,"template":"","format":"standard","meta":{"footnotes":""},"categories":[50],"tags":[27,28,4062,413,30040,15,16,14,25,26,21,22,62,12,13,19,20,23,24,17,18,29,30,31,63,64,65],"class_list":{"0":"post-132488","1":"post","2":"type-post","3":"status-publish","4":"format-standard","5":"has-post-thumbnail","7":"category-mundo","8":"tag-breaking-news","9":"tag-breakingnews","10":"tag-drone","11":"tag-eua","12":"tag-exercito-dos-eua","13":"tag-featured-news","14":"tag-featurednews","15":"tag-headlines","16":"tag-latest-news","17":"tag-latestnews","18":"tag-main-news","19":"tag-mainnews","20":"tag-mundo","21":"tag-news","22":"tag-noticias","23":"tag-noticias-principais","24":"tag-noticiasprincipais","25":"tag-principais-noticias","26":"tag-principaisnoticias","27":"tag-top-stories","28":"tag-topstories","29":"tag-ultimas","30":"tag-ultimas-noticias","31":"tag-ultimasnoticias","32":"tag-world","33":"tag-world-news","34":"tag-worldnews"},"share_on_mastodon":{"url":"https:\/\/pubeurope.com\/@pt\/115463014684440907","error":""},"_links":{"self":[{"href":"https:\/\/www.europesays.com\/pt\/wp-json\/wp\/v2\/posts\/132488","targetHints":{"allow":["GET"]}}],"collection":[{"href":"https:\/\/www.europesays.com\/pt\/wp-json\/wp\/v2\/posts"}],"about":[{"href":"https:\/\/www.europesays.com\/pt\/wp-json\/wp\/v2\/types\/post"}],"author":[{"embeddable":true,"href":"https:\/\/www.europesays.com\/pt\/wp-json\/wp\/v2\/users\/2"}],"replies":[{"embeddable":true,"href":"https:\/\/www.europesays.com\/pt\/wp-json\/wp\/v2\/comments?post=132488"}],"version-history":[{"count":0,"href":"https:\/\/www.europesays.com\/pt\/wp-json\/wp\/v2\/posts\/132488\/revisions"}],"wp:featuredmedia":[{"embeddable":true,"href":"https:\/\/www.europesays.com\/pt\/wp-json\/wp\/v2\/media\/132489"}],"wp:attachment":[{"href":"https:\/\/www.europesays.com\/pt\/wp-json\/wp\/v2\/media?parent=132488"}],"wp:term":[{"taxonomy":"category","embeddable":true,"href":"https:\/\/www.europesays.com\/pt\/wp-json\/wp\/v2\/categories?post=132488"},{"taxonomy":"post_tag","embeddable":true,"href":"https:\/\/www.europesays.com\/pt\/wp-json\/wp\/v2\/tags?post=132488"}],"curies":[{"name":"wp","href":"https:\/\/api.w.org\/{rel}","templated":true}]}}