{"id":132507,"date":"2025-10-30T12:24:12","date_gmt":"2025-10-30T12:24:12","guid":{"rendered":"https:\/\/www.europesays.com\/pt\/132507\/"},"modified":"2025-10-30T12:24:12","modified_gmt":"2025-10-30T12:24:12","slug":"bugonia-o-riso-e-a-faca-e-outras-estreias-para-esta-semana-cinema","status":"publish","type":"post","link":"https:\/\/www.europesays.com\/pt\/132507\/","title":{"rendered":"Bugonia, O Riso e a Faca e outras estreias para esta semana | Cinema"},"content":{"rendered":"<p>Convencidos de que o planeta se encontra invadido por uma perigosa ra\u00e7a de alien\u00edgenas, Teddy e Don, adeptos inveterados de teorias da conspira\u00e7\u00e3o, entram em casa de Michelle, directora executiva de uma multinacional, e raptam-na. Acreditando que ela pode ser a chave para a salva\u00e7\u00e3o da Humanidade, levam-na para uma cabana isolada, onde esperam conseguir convenc\u00ea-la a mudar de ideias. E claro que n\u00e3o demora muito at\u00e9 a situa\u00e7\u00e3o ficar completamente fora de controlo.<\/p>\n<p>Estreada na 82.\u00aa edi\u00e7\u00e3o do <a href=\"https:\/\/www.publico.pt\/festival-de-veneza\" rel=\"nofollow noopener\" target=\"_blank\">Festival de Cinema de Veneza<\/a>, esta com\u00e9dia negra de fic\u00e7\u00e3o cient\u00edfica \u00e9 realizada pelo cineasta grego <a href=\"https:\/\/www.publico.pt\/yorgos-lanthimos\" rel=\"nofollow noopener\" target=\"_blank\">Yorgos Lanthimos<\/a> e tem argumento de Will Tracy, que adapta o filme Save The Green Planet! (2003), do sul-coreano Jang Joon-hwan. A banda sonora \u00e9 da autoria de Jerskin Fendrix \u2013 que tamb\u00e9m comp\u00f4s a m\u00fasica de <a href=\"https:\/\/cinecartaz.publico.pt\/filme\/pobres-criaturas-411333\" rel=\"nofollow noopener\" target=\"_blank\">Pobres Criaturas<\/a> (2023) e <a href=\"https:\/\/cinecartaz.publico.pt\/filme\/historias-bondade-412125\" rel=\"nofollow noopener\" target=\"_blank\">Hist\u00f3rias de Bondade<\/a> (2024), ambos de Lanthimos.<\/p>\n<p>O elenco inclui Emma Stone (na sua quinta colabora\u00e7\u00e3o com o realizador), Jesse Plemons (na segunda), Aidan Delbis, Stavros Halkias, Alicia Silverstone, J. Carmen Galindez Barrera, Marc T. Lewis, Vanessa Eng, Cedric Dumornay e Charita Momma. <a href=\"https:\/\/cinecartaz.publico.pt\/filme\/bugonia-414302\" rel=\"nofollow noopener\" target=\"_blank\"><strong>Cr\u00edticas, salas e hor\u00e1rios<\/strong><\/a><\/p>\n<p>        &#13;<br \/>\n             <a class=\"embedly-card\" data-card-controls=\"0\" href=\"https:\/\/www.youtube.com\/watch?v=vtJSrFXv0CY\" rel=\"nofollow noopener\" target=\"_blank\">&#13;<\/p>\n<p>S\u00e9rgio (interpretado por S\u00e9rgio Coragem), engenheiro ambiental, viaja para uma cidade da \u00c1frica Ocidental atrav\u00e9s de uma ONG, para elaborar um relat\u00f3rio sobre a constru\u00e7\u00e3o de uma estrada entre o deserto e a selva. Enquanto tenta perceber o que aconteceu ao seu antecessor, desaparecido sem deixar rasto, torna-se bastante pr\u00f3ximo de Diara e Gui (Cleo Di\u00e1ra e Jonathan Guilherme), dois habitantes locais.<\/p>\n<p>Filmada na Guin\u00e9-Bissau e no deserto da Maurit\u00e2nia, e seleccionado para competir na sec\u00e7\u00e3o Un Certain Regard do <a href=\"https:\/\/www.publico.pt\/festival-de-cannes\" rel=\"nofollow noopener\" target=\"_blank\">Festival de Cannes<\/a> \u2013 onde Di\u00e1ra arrecadou o pr\u00e9mio de melhor actriz \u2013, esta co-produ\u00e7\u00e3o entre Portugal, Fran\u00e7a, Rom\u00e9nia e Brasil conta com realiza\u00e7\u00e3o de Pedro Pinho (<a href=\"https:\/\/cinecartaz.publico.pt\/filme\/bab-sebta-206057\" rel=\"nofollow noopener\" target=\"_blank\">Bab Sebta<\/a>, <a href=\"https:\/\/cinecartaz.publico.pt\/filme\/um-fim-do-mundo-326452\" rel=\"nofollow noopener\" target=\"_blank\">Um Fim do Mundo<\/a>, <a href=\"https:\/\/cinecartaz.publico.pt\/filme\/fabrica-de-nada-376449\" rel=\"nofollow noopener\" target=\"_blank\">A F\u00e1brica de Nada<\/a>), que se inspirou na can\u00e7\u00e3o com o mesmo nome da autoria do brasileiro Tom Z\u00e9. <a href=\"https:\/\/cinecartaz.publico.pt\/filme\/riso-faca-414453\" rel=\"nofollow noopener\" target=\"_blank\"><strong>Cr\u00edticas, salas e hor\u00e1rios<\/strong><\/a><\/p>\n<p>        &#13;<br \/>\n             <a class=\"embedly-card\" data-card-controls=\"0\" href=\"https:\/\/www.youtube.com\/watch?v=Tgxp8UhVm-w\" rel=\"nofollow noopener\" target=\"_blank\">&#13;<\/p>\n<p>Todd muda-se para a antiga casa de fam\u00edlia, isolada no meio do bosque, na esperan\u00e7a de recuperar for\u00e7as e afastar-se da confus\u00e3o. Leva consigo Indy, o seu fiel e inteligente c\u00e3o da ra\u00e7a retriever da Nova Esc\u00f3cia. Dotado de audi\u00e7\u00e3o e instinto sobre-humanos, Indy ser\u00e1 o primeiro a aperceber-se de que ali habita uma amea\u00e7adora for\u00e7a sobrenatural. \u00c0 medida que Todd se deixa levar pela prostra\u00e7\u00e3o, o animal transforma-se na sua \u00fanica esperan\u00e7a de sobreviv\u00eancia.<\/p>\n<p>Escrita por Alex Cannon e filmada pacientemente ao longo de tr\u00eas anos, esta hist\u00f3ria de terror \u00e9 contada sob o ponto de vista de Indy, o c\u00e3o-actor pertencente a Ben Leonberg, que aqui se estreia na realiza\u00e7\u00e3o de longa-metragem. O elenco \u00e9 completado pelos humanos Shane Jensen, Larry Fessenden, Arielle Friedman, Stuart Rudin, Anya Krawcheck e Hunter Goetz. <a href=\"https:\/\/cinecartaz.publico.pt\/filme\/good-boy-fiel-ate-morte-414443\" rel=\"nofollow noopener\" target=\"_blank\"><strong>Cr\u00edticas, salas e hor\u00e1rios<\/strong><\/a><\/p>\n<p>        &#13;<\/p>\n<p>&#13;<br \/>\n                &#13;\n            <\/p>\n<p>&#13;<\/p>\n<p>        &#13;<br \/>\n             <a class=\"embedly-card\" data-card-controls=\"0\" href=\"https:\/\/www.youtube.com\/watch?v=PDWz2pGW1Lk\" rel=\"nofollow noopener\" target=\"_blank\">&#13;<\/p>\n<p>O pesadelo de Maya come\u00e7ou quando, durante uma viagem pelo Oregon (no Pac\u00edfico Noroeste dos EUA) com Gregory, o namorado, o carro avariou no meio de uma floresta e ambos cometeram o maior erro das suas vidas: recorrer \u00e0 aplica\u00e7\u00e3o Airbnb para encontrar um lugar para passar a noite. Perante a preocupa\u00e7\u00e3o, encontrar uma cabana isolada e silenciosa pareceu-lhes a solu\u00e7\u00e3o perfeita. Mas a noite trouxe-lhes tr\u00eas visitantes inesperados na forma de assassinos mascarados que cercaram a casa e transformaram aquelas horas em puro terror.<\/p>\n<p>Ap\u00f3s esse ataque brutal, que terminou com a morte de Gregory e uma milagrosa fuga de Maya, ela desperta numa cama de hospital, convencida de que est\u00e1 a salvo. Mas o horror n\u00e3o ficou para tr\u00e1s, pois os tr\u00eas estranhos sabem que ela sobreviveu e n\u00e3o v\u00e3o parar at\u00e9 terminar o que come\u00e7aram.<\/p>\n<p><a href=\"https:\/\/cinecartaz.publico.pt\/filme\/the-strangers-chapter-1-411889\" rel=\"nofollow noopener\" target=\"_blank\">Segundo cap\u00edtulo<\/a> de uma trilogia de terror do veterano realizador finland\u00eas Renny Harlin, o argumento tem como base o filme <a href=\"https:\/\/cinecartaz.publico.pt\/filme\/os-estranhos-185060\" rel=\"nofollow noopener\" target=\"_blank\">Os Estranhos<\/a> (2008), realizado por Bryan Bertino e protagonizado por Liv Tyler e Scott Speedman \u2013 que tamb\u00e9m serviu de inspira\u00e7\u00e3o para <a href=\"https:\/\/cinecartaz.publico.pt\/filme\/the-strangers-prey-at-night-380371\" rel=\"nofollow noopener\" target=\"_blank\">The Strangers &#8211; Predadores da Noite<\/a> (2018), de Johannes Roberts. Com Madelaine Petsch de regresso \u00e0 personagem que interpretou no primeiro cap\u00edtulo, o elenco inclui tamb\u00e9m Gabriel Basso, Ema Horvath, Brooke Lena Johnson, Richard Brake, Pedro Leandro e Rachel Shenton. <a href=\"https:\/\/cinecartaz.publico.pt\/filme\/estranhos-capitulo-2-414303\" rel=\"nofollow noopener\" target=\"_blank\"><strong>Cr\u00edticas, salas e hor\u00e1rios<\/strong><\/a><strong>\u200b<\/strong><\/p>\n<p>        &#13;<br \/>\n             <a class=\"embedly-card\" data-card-controls=\"0\" href=\"https:\/\/www.youtube.com\/watch?v=JwFVuHbbvSg\" rel=\"nofollow noopener\" target=\"_blank\">&#13;<\/p>\n<p>D\u00e9cada de 1980. Alpha tem 13 anos e vive com a m\u00e3e, que \u00e9 m\u00e9dica. Quando regressa da escola com a letra \u201cA\u201d tatuada no bra\u00e7o, esse gesto aparentemente banal transforma por completo as suas vidas. A partir da\u00ed, Alpha come\u00e7a a ser olhada com desconfian\u00e7a pelos colegas, devido a rumores sobre uma nova doen\u00e7a que ningu\u00e9m compreende inteiramente.<\/p>\n<p>Em competi\u00e7\u00e3o no Festival de Cinema de Cannes, este drama de terror foi escrito e realizado por Julia Ducournau, tamb\u00e9m respons\u00e1vel por <a href=\"https:\/\/cinecartaz.publico.pt\/filme\/titane-406739\" rel=\"nofollow noopener\" target=\"_blank\">Titane<\/a>, vencedor da Palma de Ouro nesse mesmo festival em 2021. Podendo, tal como a obra anterior de Ducournau, inserir-se na tradi\u00e7\u00e3o do body horror, conta com interpreta\u00e7\u00f5es de M\u00e9lissa Boros, Golshifteh Farahani, Tahar Rahim e Emma Mackey. <a href=\"https:\/\/cinecartaz.publico.pt\/filme\/alpha-414301\" rel=\"nofollow noopener\" target=\"_blank\"><strong>Cr\u00edticas, salas e hor\u00e1rios<\/strong><\/a><\/p>\n<p>        &#13;<br \/>\n             <a class=\"embedly-card\" data-card-controls=\"0\" href=\"https:\/\/www.youtube.com\/watch?v=KDvb8uf0FRY\" rel=\"nofollow noopener\" target=\"_blank\">&#13;<\/p>\n<p>Lucas Reyes (Josh Hartnett), antigo agente dos servi\u00e7os secretos, vive exilado em Banguecoque depois de um incidente que lhe arruinou a carreira. Quando Katherine Brunt (Katee Sackhoff), sua ex-colega, lhe prop\u00f5e uma miss\u00e3o que, embora arriscada, pode limpar o seu nome e restituir-lhe a reputa\u00e7\u00e3o, v\u00ea-se for\u00e7ado a aceitar. O objectivo \u00e9 seguir viagem num voo com destino a S\u00e3o Francisco (EUA), durante o qual dever\u00e1 localizar e capturar um hacker de fama internacional.<\/p>\n<p>Mas, assim que entra no avi\u00e3o, Lucas percebe que a bordo n\u00e3o se encontra apenas a pessoa em quest\u00e3o, mas tamb\u00e9m v\u00e1rios assassinos contratados para a eliminar. A 11 mil metros de altitude, rodeado por passageiros que se revelam inimigos mortais, ter\u00e1 de se esfor\u00e7ar para sobreviver enquanto tenta proteger aquele que devia entregar com vida.<\/p>\n<p>Escrito por Brooks McLaren e D. J. Cotrona e realizado pelo estreante James Madigan, o filme conta tamb\u00e9m com a participa\u00e7\u00e3o de Marko Zaror, Julian Kostov, Charithra Chandran e JuJu Chan, entre outros. <a href=\"https:\/\/cinecartaz.publico.pt\/filme\/viagem-risco-414304\" rel=\"nofollow noopener\" target=\"_blank\"><strong>Salas e hor\u00e1rios<\/strong><\/a><\/p>\n<p>        &#13;<br \/>\n             <a class=\"embedly-card\" data-card-controls=\"0\" href=\"https:\/\/www.youtube.com\/watch?v=cOUg5See93o\" rel=\"nofollow noopener\" target=\"_blank\">&#13;<\/p>\n<p>A vida no Jardim Zool\u00f3gico de Colepepper decorria em perfeito equil\u00edbrio\u2026 at\u00e9 \u00e0 noite em que um misterioso meteoro caiu do c\u00e9u. O impacto, al\u00e9m dos estragos imediatos, trouxe consigo algo muito mais perigoso: uma praga de criaturas virulentas que come\u00e7a a atacar os animais, transformando-os em zombies.<\/p>\n<p>Face a esta amea\u00e7a, bichos de diferentes esp\u00e9cies juntam for\u00e7as para travar a propaga\u00e7\u00e3o daquele mal e salvar os seus companheiros de um destino aterrador. Mas, para isso, ter\u00e3o de enfrentar Zero, um coelho enlouquecido, obcecado com a ideia de espalhar a infec\u00e7\u00e3o para l\u00e1 dos muros do zoo.<\/p>\n<p>Uma com\u00e9dia de anima\u00e7\u00e3o repleta de ac\u00e7\u00e3o, pequenos sustos e bicharada destemida, realizada por Ricardo Curtis e Rodrigo Perez-Castro. Na vers\u00e3o original, o elenco de vozes inclui David Harbour, Gabbi Kosmidis, Pierre Simpson, Heather Loreto e Paul Sun-Hyung Lee. <a href=\"https:\/\/cinecartaz.publico.pt\/filme\/noite-zoo-413798\" rel=\"nofollow noopener\" target=\"_blank\"><strong>Salas e hor\u00e1rios<\/strong><\/a><\/p>\n<p>        &#13;<br \/>\n             <a class=\"embedly-card\" data-card-controls=\"0\" href=\"https:\/\/www.youtube.com\/watch?v=FVQlZrwVXJw\" rel=\"nofollow noopener\" target=\"_blank\">&#13;<\/p>\n","protected":false},"excerpt":{"rendered":"Convencidos de que o planeta se encontra invadido por uma perigosa ra\u00e7a de alien\u00edgenas, Teddy e Don, adeptos&hellip;\n","protected":false},"author":2,"featured_media":132508,"comment_status":"","ping_status":"","sticky":false,"template":"","format":"standard","meta":{"footnotes":""},"categories":[140],"tags":[470,1413,114,115,147,148,1757,146,32,33,291],"class_list":{"0":"post-132507","1":"post","2":"type-post","3":"status-publish","4":"format-standard","5":"has-post-thumbnail","7":"category-filmes","8":"tag-cinema","9":"tag-cultura-ipsilon","10":"tag-entertainment","11":"tag-entretenimento","12":"tag-film","13":"tag-filmes","14":"tag-ipsilon","15":"tag-movies","16":"tag-portugal","17":"tag-pt","18":"tag-relaxar"},"share_on_mastodon":{"url":"https:\/\/pubeurope.com\/@pt\/115463105063582323","error":""},"_links":{"self":[{"href":"https:\/\/www.europesays.com\/pt\/wp-json\/wp\/v2\/posts\/132507","targetHints":{"allow":["GET"]}}],"collection":[{"href":"https:\/\/www.europesays.com\/pt\/wp-json\/wp\/v2\/posts"}],"about":[{"href":"https:\/\/www.europesays.com\/pt\/wp-json\/wp\/v2\/types\/post"}],"author":[{"embeddable":true,"href":"https:\/\/www.europesays.com\/pt\/wp-json\/wp\/v2\/users\/2"}],"replies":[{"embeddable":true,"href":"https:\/\/www.europesays.com\/pt\/wp-json\/wp\/v2\/comments?post=132507"}],"version-history":[{"count":0,"href":"https:\/\/www.europesays.com\/pt\/wp-json\/wp\/v2\/posts\/132507\/revisions"}],"wp:featuredmedia":[{"embeddable":true,"href":"https:\/\/www.europesays.com\/pt\/wp-json\/wp\/v2\/media\/132508"}],"wp:attachment":[{"href":"https:\/\/www.europesays.com\/pt\/wp-json\/wp\/v2\/media?parent=132507"}],"wp:term":[{"taxonomy":"category","embeddable":true,"href":"https:\/\/www.europesays.com\/pt\/wp-json\/wp\/v2\/categories?post=132507"},{"taxonomy":"post_tag","embeddable":true,"href":"https:\/\/www.europesays.com\/pt\/wp-json\/wp\/v2\/tags?post=132507"}],"curies":[{"name":"wp","href":"https:\/\/api.w.org\/{rel}","templated":true}]}}