{"id":132541,"date":"2025-10-30T13:00:36","date_gmt":"2025-10-30T13:00:36","guid":{"rendered":"https:\/\/www.europesays.com\/pt\/132541\/"},"modified":"2025-10-30T13:00:36","modified_gmt":"2025-10-30T13:00:36","slug":"bosch-braga-poe-2500-trabalhadores-em-lay-off-a-partir-de-novembro-empresas","status":"publish","type":"post","link":"https:\/\/www.europesays.com\/pt\/132541\/","title":{"rendered":"Bosch Braga p\u00f5e 2500 trabalhadores em lay-off a partir de Novembro | Empresas"},"content":{"rendered":"<p>A <a href=\"https:\/\/www.publico.pt\/2025\/09\/25\/economia\/noticia\/bosch-preve-eliminar-13000-empregos-alemanha-ate-2030-2148578\" rel=\"nofollow noopener\" target=\"_blank\">f\u00e1brica da Bosch em Braga<\/a> vai entrar em lay-off a partir do in\u00edcio de Novembro, devido \u00e0 escassez de componentes para pe\u00e7as electr\u00f3nicas. A situa\u00e7\u00e3o poder\u00e1 prolongar-se at\u00e9 Abril de 2026 e vai afectar 2500 trabalhadores, anunciou a empresa na ter\u00e7a-feira.<\/p>\n<p>\u201cDevido \u00e0 escassez de componentes para pe\u00e7as electr\u00f3nicas e as recorrentes interrup\u00e7\u00f5es na produ\u00e7\u00e3o, o mecanismo de lay-off estabelecido no C\u00f3digo de Trabalho entra em vigor a partir do in\u00edcio de Novembro at\u00e9, presumivelmente, ao final de Abril de 2026\u201d, indicou, em comunicado a principal f\u00e1brica da multinacional alem\u00e3 em Portugal.<\/p>\n<p>O lay-off consiste na redu\u00e7\u00e3o tempor\u00e1ria dos per\u00edodos normais de trabalho ou na suspens\u00e3o dos contratos de trabalho efectuada por iniciativa das empresas, durante um determinado tempo, devido a motivos de mercado, motivos estruturais ou tecnol\u00f3gicos ou cat\u00e1strofes ou outras ocorr\u00eancias que tenham afectado gravemente a actividade normal da empresa.<\/p>\n<p>Cerca de 2500 trabalhadores ser\u00e3o afectados pela suspens\u00e3o dos contratos de trabalho ou pela redu\u00e7\u00e3o de horas.<\/p>\n<p>A empresa garantiu estar a fazer tudo para atender os clientes e evitar ou minimizar as restri\u00e7\u00f5es de produ\u00e7\u00e3o, recorrendo, por exemplo, a fontes alternativas de fornecimento de componentes.<\/p>\n<p>No comunicado, a Bosch assegura que, assim que a escassez de componentes electr\u00f3nicos for ultrapassada, a \u201cprodu\u00e7\u00e3o em Braga dever\u00e1 regressar \u00e0 normalidade\u201d.<\/p>\n<p>A 25 de Setembro, a fabricante de equipamentos Bosch anunciou que previa <a href=\"https:\/\/www.publico.pt\/2025\/09\/25\/economia\/noticia\/bosch-preve-eliminar-13000-empregos-alemanha-ate-2030-2148578\" rel=\"nofollow noopener\" target=\"_blank\">eliminar mais de 13.000 postos de trabalho <\/a>at\u00e9 2030 na Alemanha, argumentando que o trabalho est\u00e1 subutilizado face \u00e0 concorr\u00eancia chinesa, levando a cr\u00edticas pelos sindicatos.<\/p>\n<p>O plano, citado pela ag\u00eancia AFP, mais que <a href=\"https:\/\/www.publico.pt\/2024\/11\/22\/tecnologia\/noticia\/bosch-planeia-reduzir-5550-postos-trabalho-maioria-alemanha-2113023\" rel=\"nofollow noopener\" target=\"_blank\">duplica a estimativa divulgada em Novembro<\/a> do ano passado, quando a Bosch disse que pretendia suprimir 5550 postos de trabalho at\u00e9 2030.<\/p>\n<p>Este plano dever\u00e1 afectar cerca de 3% da for\u00e7a de trabalho mundial e atinge a divis\u00e3o autom\u00f3vel, que se v\u00ea obrigada a reduzir os seus custos em 2500 milh\u00f5es de euros por ano para, segundo o grupo alem\u00e3o, assegurar a sua competitividade.<\/p>\n","protected":false},"excerpt":{"rendered":"A f\u00e1brica da Bosch em Braga vai entrar em lay-off a partir do in\u00edcio de Novembro, devido \u00e0&hellip;\n","protected":false},"author":2,"featured_media":132542,"comment_status":"","ping_status":"","sticky":false,"template":"","format":"standard","meta":{"footnotes":""},"categories":[83],"tags":[2298,88,476,89,90,32,33],"class_list":{"0":"post-132541","1":"post","2":"type-post","3":"status-publish","4":"format-standard","5":"has-post-thumbnail","7":"category-empresas","8":"tag-automoveis","9":"tag-business","10":"tag-economia","11":"tag-economy","12":"tag-empresas","13":"tag-portugal","14":"tag-pt"},"share_on_mastodon":{"url":"https:\/\/pubeurope.com\/@pt\/115463246518186842","error":""},"_links":{"self":[{"href":"https:\/\/www.europesays.com\/pt\/wp-json\/wp\/v2\/posts\/132541","targetHints":{"allow":["GET"]}}],"collection":[{"href":"https:\/\/www.europesays.com\/pt\/wp-json\/wp\/v2\/posts"}],"about":[{"href":"https:\/\/www.europesays.com\/pt\/wp-json\/wp\/v2\/types\/post"}],"author":[{"embeddable":true,"href":"https:\/\/www.europesays.com\/pt\/wp-json\/wp\/v2\/users\/2"}],"replies":[{"embeddable":true,"href":"https:\/\/www.europesays.com\/pt\/wp-json\/wp\/v2\/comments?post=132541"}],"version-history":[{"count":0,"href":"https:\/\/www.europesays.com\/pt\/wp-json\/wp\/v2\/posts\/132541\/revisions"}],"wp:featuredmedia":[{"embeddable":true,"href":"https:\/\/www.europesays.com\/pt\/wp-json\/wp\/v2\/media\/132542"}],"wp:attachment":[{"href":"https:\/\/www.europesays.com\/pt\/wp-json\/wp\/v2\/media?parent=132541"}],"wp:term":[{"taxonomy":"category","embeddable":true,"href":"https:\/\/www.europesays.com\/pt\/wp-json\/wp\/v2\/categories?post=132541"},{"taxonomy":"post_tag","embeddable":true,"href":"https:\/\/www.europesays.com\/pt\/wp-json\/wp\/v2\/tags?post=132541"}],"curies":[{"name":"wp","href":"https:\/\/api.w.org\/{rel}","templated":true}]}}