{"id":132543,"date":"2025-10-30T13:02:13","date_gmt":"2025-10-30T13:02:13","guid":{"rendered":"https:\/\/www.europesays.com\/pt\/132543\/"},"modified":"2025-10-30T13:02:13","modified_gmt":"2025-10-30T13:02:13","slug":"homem-morto-com-facada-no-peito-em-quarteira","status":"publish","type":"post","link":"https:\/\/www.europesays.com\/pt\/132543\/","title":{"rendered":"Homem morto com facada no peito em Quarteira"},"content":{"rendered":"<p data-remotead-prev-elm=\"true\" data-remotead-elm-id=\"inread\">Segundo apurou o JN, a agress\u00e3o ocorreu cerca das 21 horas. A v\u00edtima ter\u00e1 sido atingida na zona do peito durante uma discuss\u00e3o com outro homem. Os meios de socorro prestaram-lhe assist\u00eancia no local, mas n\u00e3o resistiu aos ferimentos e acabou por morrer quando estava a ser transportado para a Unidade Local de Sa\u00fade de Faro.<\/p>\n<p>A GNR esteve no local, mas o caso transitou para a Diretoria do Sul da Pol\u00edcia Judici\u00e1ria. As primeiras informa\u00e7\u00f5es reconhecidas pelas autoridades apontam para uma discuss\u00e3o num contexto de ajuste de contas relacionado com tr\u00e1fico de estupefacientes.<\/p>\n<p>O agressor foi visto a fugir do local e est\u00e1 a ser procurado.<\/p>\n","protected":false},"excerpt":{"rendered":"Segundo apurou o JN, a agress\u00e3o ocorreu cerca das 21 horas. A v\u00edtima ter\u00e1 sido atingida na zona&hellip;\n","protected":false},"author":2,"featured_media":132544,"comment_status":"","ping_status":"","sticky":false,"template":"","format":"standard","meta":{"footnotes":""},"categories":[10],"tags":[27,28,15,16,14,5564,603,25,26,21,22,12,13,19,20,32,23,24,33,30044,17,18,29,30,31],"class_list":{"0":"post-132543","1":"post","2":"type-post","3":"status-publish","4":"format-standard","5":"has-post-thumbnail","7":"category-portugal","8":"tag-breaking-news","9":"tag-breakingnews","10":"tag-featured-news","11":"tag-featurednews","12":"tag-headlines","13":"tag-homicidio","14":"tag-justica","15":"tag-latest-news","16":"tag-latestnews","17":"tag-main-news","18":"tag-mainnews","19":"tag-news","20":"tag-noticias","21":"tag-noticias-principais","22":"tag-noticiasprincipais","23":"tag-portugal","24":"tag-principais-noticias","25":"tag-principaisnoticias","26":"tag-pt","27":"tag-quarteira","28":"tag-top-stories","29":"tag-topstories","30":"tag-ultimas","31":"tag-ultimas-noticias","32":"tag-ultimasnoticias"},"share_on_mastodon":{"url":"https:\/\/pubeurope.com\/@pt\/115463254510251437","error":""},"_links":{"self":[{"href":"https:\/\/www.europesays.com\/pt\/wp-json\/wp\/v2\/posts\/132543","targetHints":{"allow":["GET"]}}],"collection":[{"href":"https:\/\/www.europesays.com\/pt\/wp-json\/wp\/v2\/posts"}],"about":[{"href":"https:\/\/www.europesays.com\/pt\/wp-json\/wp\/v2\/types\/post"}],"author":[{"embeddable":true,"href":"https:\/\/www.europesays.com\/pt\/wp-json\/wp\/v2\/users\/2"}],"replies":[{"embeddable":true,"href":"https:\/\/www.europesays.com\/pt\/wp-json\/wp\/v2\/comments?post=132543"}],"version-history":[{"count":0,"href":"https:\/\/www.europesays.com\/pt\/wp-json\/wp\/v2\/posts\/132543\/revisions"}],"wp:featuredmedia":[{"embeddable":true,"href":"https:\/\/www.europesays.com\/pt\/wp-json\/wp\/v2\/media\/132544"}],"wp:attachment":[{"href":"https:\/\/www.europesays.com\/pt\/wp-json\/wp\/v2\/media?parent=132543"}],"wp:term":[{"taxonomy":"category","embeddable":true,"href":"https:\/\/www.europesays.com\/pt\/wp-json\/wp\/v2\/categories?post=132543"},{"taxonomy":"post_tag","embeddable":true,"href":"https:\/\/www.europesays.com\/pt\/wp-json\/wp\/v2\/tags?post=132543"}],"curies":[{"name":"wp","href":"https:\/\/api.w.org\/{rel}","templated":true}]}}