{"id":132547,"date":"2025-10-30T13:04:18","date_gmt":"2025-10-30T13:04:18","guid":{"rendered":"https:\/\/www.europesays.com\/pt\/132547\/"},"modified":"2025-10-30T13:04:18","modified_gmt":"2025-10-30T13:04:18","slug":"jade-magalhaes-desiste-de-viagem-com-luan-santana-a-europa-e-explica-decisao","status":"publish","type":"post","link":"https:\/\/www.europesays.com\/pt\/132547\/","title":{"rendered":"Jade Magalh\u00e3es desiste de viagem com Luan Santana \u00e0 Europa e explica decis\u00e3o"},"content":{"rendered":"\n<p class=\" content-text__container theme-color-primary-first-letter\" data-track-category=\"Link no Texto\" data-track-links=\"\"> <strong>Jade Magalh\u00e3es<\/strong> recorreu \u00e0s redes sociais para revelar que desistiu, de \u00faltima hora, de acompanhar o marido,<strong> Luan Santana<\/strong>, em sua turn\u00ea pela Europa. O cantor tem apresenta\u00e7\u00f5es marcadas em Paris, Genebra e Londres, e a influenciadora chegou a preparar as malas para a viagem, mas acabou voltando atr\u00e1s. <\/p>\n<ul class=\"content-unordered-list\">\n<li><strong>&#8216;Engasgou do nada&#8217;: <\/strong><a class=\"\" href=\"https:\/\/oglobo.globo.com\/ela\/noticia\/2025\/10\/29\/engasgou-do-nada-maira-cardi-relata-susto-com-a-filha-recem-nascida-e-faz-alerta-importante.ghtml\" rel=\"nofollow noopener\" target=\"_blank\"><strong>Ma\u00edra Cardi relata susto com a filha rec\u00e9m-nascida e faz alerta importante<\/strong><\/a><\/li>\n<li><strong>Virg\u00ednia, Vini Jr., Z\u00e9 Felipe e Ana Castela: <\/strong><a class=\"\" href=\"https:\/\/oglobo.globo.com\/ela\/noticia\/2025\/10\/29\/virginia-vini-jr-ze-felipe-e-ana-castela-o-impacto-dos-novos-relacionamentos-na-infancia-de-filhos-de-famosos.ghtml\" rel=\"nofollow noopener\" target=\"_blank\"><strong>o impacto dos novos relacionamentos na inf\u00e2ncia de filhos de famosos<\/strong><\/a><\/li>\n<\/ul>\n<p class=\" content-text__container \" data-track-category=\"Link no Texto\" data-track-links=\"\"> Nos Stories, Jade explicou que n\u00e3o se sentiu \u00e0 vontade em deixar a filha, Serena, de apenas 10 meses, no Brasil. <\/p>\n<p class=\" content-text__container \" data-track-category=\"Link no Texto\" data-track-links=\"\"> &#8220;Eu t\u00f4 aqui come\u00e7ando a tirar minha maquiagem para tomar banho. Ontem, nesse mesmo hor\u00e1rio, eu estava fazendo as minhas malas e agora eu acabei de desfazer as minhas malas sem ter viajado. O Luan hoje embarcou para a Europa, que ele tem tr\u00eas shows para fazer l\u00e1, Paris, Genebra e Londres. Tava tudo certo para eu ir, mas quem disse que consegui? Gente, eu n\u00e3o consegui&#8221;, confessou. <\/p>\n<p>      <img decoding=\"async\" class=\"content-media__image\"  src=\"https:\/\/www.europesays.com\/pt\/wp-content\/uploads\/2025\/10\/jade.jpg\" alt=\"Jade Magalh\u00e3es explica por que n\u00e3o foi \u00e0 Europa com Luan Santana \u2014 Foto: Reprodu\u00e7\u00e3o Instagram\" width=\"800\" height=\"1243\" loading=\"lazy\"\/>  Jade Magalh\u00e3es explica por que n\u00e3o foi \u00e0 Europa com Luan Santana \u2014 Foto: Reprodu\u00e7\u00e3o Instagram       <\/p>\n<p class=\" content-text__container \" data-track-category=\"Link no Texto\" data-track-links=\"\"> A designer de moda contou ainda que, pela primeira vez, se colocou no lugar de outras m\u00e3es que relatam a dificuldade de se afastar dos filhos. <\/p>\n<p class=\" content-text__container \" data-track-category=\"Link no Texto\" data-track-links=\"\"> &#8220;Hoje eu entendo as m\u00e3es que falavam para mim, o quanto \u00e9 dif\u00edcil ficar longe dos filhos. Eu nunca fiquei, um dia inteiro longe da Serena. Quem dir\u00e1 o tempo que ele vai ficar fora. Mas eu achei que tudo bem, n\u00e9? Tem os av\u00f3s aqui, tem uma pessoa que me ajuda. Ent\u00e3o, bem cuidada ela estaria, mas quando foi dando a hora de realmente fechar a mala para sair, foi tudo desandando, gente. Eu falei: &#8216;Eu n\u00e3o vou conseguir, n\u00e3o vou conseguir, por esse tempo n\u00e3o eu consigo'&#8221;, relatou. <\/p>\n<p class=\" content-text__container \" data-track-category=\"Link no Texto\" data-track-links=\"\"> Jade disse que chegou a desejar poder se dividir entre o papel de m\u00e3e e o de parceira, mas acabou optando por ficar em casa. &#8220;Eu tive que fazer uma escolha, mesmo com o cora\u00e7\u00e3o muito apertado, mesmo querendo muito estar com ele nesse momento e nessa viagem, eu n\u00e3o consegui. Mas eu tenho certeza que vai ser lindo. E vou ficar acompanhando daqui, torcendo daqui&#8221;, afirmou. <\/p>\n<p>       <img decoding=\"async\" class=\"content-media__image\"  src=\"https:\/\/www.europesays.com\/pt\/wp-content\/uploads\/2025\/10\/7-meses-de-serena-.jpg\" alt=\"Jade Magalh\u00e3es abre o cora\u00e7\u00e3o ao contar por que n\u00e3o acompanhou Luan Santana em turn\u00ea internacional \u2014 Foto: Reprodu\u00e7\u00e3o Instagram\" width=\"1080\" height=\"1440\" loading=\"lazy\"\/>  Jade Magalh\u00e3es abre o cora\u00e7\u00e3o ao contar por que n\u00e3o acompanhou Luan Santana em turn\u00ea internacional \u2014 Foto: Reprodu\u00e7\u00e3o Instagram       <\/p>\n<p class=\" content-text__container \" data-track-category=\"Link no Texto\" data-track-links=\"\"> Encerrando o desabafo, Jade refletiu sobre as descobertas da maternidade. &#8220;Mas assim, gente, a maternidade tem dessas coisas, \u00e9 vivendo e descobrindo. Eu achava que era um absurdo, que era um exagero quando as m\u00e3es falavam isso, sabe, que n\u00e3o conseguia ficar muito tempo longe, mas gente, \u00e9 a coisa mais real. Voc\u00eas v\u00e3o entender&#8221;, finalizou. <\/p>\n","protected":false},"excerpt":{"rendered":"Jade Magalh\u00e3es recorreu \u00e0s redes sociais para revelar que desistiu, de \u00faltima hora, de acompanhar o marido, Luan&hellip;\n","protected":false},"author":2,"featured_media":132548,"comment_status":"","ping_status":"","sticky":false,"template":"","format":"standard","meta":{"footnotes":""},"categories":[145],"tags":[211,210,114,115,319,32,33,318],"class_list":{"0":"post-132547","1":"post","2":"type-post","3":"status-publish","4":"format-standard","5":"has-post-thumbnail","7":"category-celebridades","8":"tag-celebridades","9":"tag-celebrities","10":"tag-entertainment","11":"tag-entretenimento","12":"tag-hard-news","13":"tag-portugal","14":"tag-pt","15":"tag-radar"},"share_on_mastodon":{"url":"https:\/\/pubeurope.com\/@pt\/115463262556821331","error":""},"_links":{"self":[{"href":"https:\/\/www.europesays.com\/pt\/wp-json\/wp\/v2\/posts\/132547","targetHints":{"allow":["GET"]}}],"collection":[{"href":"https:\/\/www.europesays.com\/pt\/wp-json\/wp\/v2\/posts"}],"about":[{"href":"https:\/\/www.europesays.com\/pt\/wp-json\/wp\/v2\/types\/post"}],"author":[{"embeddable":true,"href":"https:\/\/www.europesays.com\/pt\/wp-json\/wp\/v2\/users\/2"}],"replies":[{"embeddable":true,"href":"https:\/\/www.europesays.com\/pt\/wp-json\/wp\/v2\/comments?post=132547"}],"version-history":[{"count":0,"href":"https:\/\/www.europesays.com\/pt\/wp-json\/wp\/v2\/posts\/132547\/revisions"}],"wp:featuredmedia":[{"embeddable":true,"href":"https:\/\/www.europesays.com\/pt\/wp-json\/wp\/v2\/media\/132548"}],"wp:attachment":[{"href":"https:\/\/www.europesays.com\/pt\/wp-json\/wp\/v2\/media?parent=132547"}],"wp:term":[{"taxonomy":"category","embeddable":true,"href":"https:\/\/www.europesays.com\/pt\/wp-json\/wp\/v2\/categories?post=132547"},{"taxonomy":"post_tag","embeddable":true,"href":"https:\/\/www.europesays.com\/pt\/wp-json\/wp\/v2\/tags?post=132547"}],"curies":[{"name":"wp","href":"https:\/\/api.w.org\/{rel}","templated":true}]}}