{"id":132549,"date":"2025-10-30T13:05:10","date_gmt":"2025-10-30T13:05:10","guid":{"rendered":"https:\/\/www.europesays.com\/pt\/132549\/"},"modified":"2025-10-30T13:05:10","modified_gmt":"2025-10-30T13:05:10","slug":"proibicoes-luxo-e-silencio-absoluto-turcomenistao-mistura-controle-rigido-arquitetura-futurista-e-misterio-em-um-dos-paises-mais-fechados-do-planeta","status":"publish","type":"post","link":"https:\/\/www.europesays.com\/pt\/132549\/","title":{"rendered":"Proibi\u00e7\u00f5es, luxo e sil\u00eancio absoluto: Turcomenist\u00e3o mistura controle r\u00edgido, arquitetura futurista e mist\u00e9rio em um dos pa\u00edses mais fechados do planeta"},"content":{"rendered":"<p>                            <img loading=\"lazy\" alt=\"\" src=\"data:image\/svg+xml,%3Csvg%20xmlns=\" http:=\"\" data-lazy- class=\"avatar avatar-43 photo\" height=\"43\" width=\"43\" decoding=\"async\" data-lazy-src=\"https:\/\/www.europesays.com\/pt\/wp-content\/uploads\/2025\/09\/avatar_user_27_1724952892-43x43.jpg\"\/>                        <\/p>\n<p>\n                        Publicado em<br \/>\n                        30\/10\/2025 \u00e0s 06:51\n                    <\/p>\n<p>Localizado na \u00c1sia Central, o Turcomenist\u00e3o chama aten\u00e7\u00e3o por suas singularidades. Com cerca de seis milh\u00f5es de habitantes em 2025, o pa\u00eds combina vastas paisagens des\u00e9rticas, arquitetura monumental e costumes r\u00edgidos que despertam curiosidade em quem busca compreender destinos pouco convencionais. Apesar da sua beleza ex\u00f3tica, o turismo permanece quase inexistente devido \u00e0s severas restri\u00e7\u00f5es impostas pelo governo.<\/p>\n<p>A capital, Ashgabat, impressiona pela quantidade de edif\u00edcios revestidos de m\u00e1rmore branco, criando uma atmosfera futurista e ao mesmo tempo silenciosa. Boa parte do territ\u00f3rio \u00e9 dominada pelo deserto de Karakum, respons\u00e1vel por grande parte da baixa densidade populacional e pelo isolamento que refor\u00e7a o ar misterioso do pa\u00eds.<\/p>\n<p>Por que o Turcomenist\u00e3o \u00e9 considerado t\u00e3o ex\u00f3tico?<\/p>\n<p>O Turcomenist\u00e3o se tornou conhecido mundialmente por suas regras incomuns e por recordes curiosos reconhecidos pelo Guinness Book. Uma das leis mais peculiares pro\u00edbe a circula\u00e7\u00e3o de ve\u00edculos sujos nas ruas. Por anos, carros de cor preta tamb\u00e9m foram banidos da <a href=\"https:\/\/clickpetroleoegas.com.br\/bombas-atomicas-bilhoes-e-rios-desviados-o-ousado-projeto-sovietico-dos-anos-1970-que-fracassou-mas-segue-em-debate-ate-hoje-rpc95\/\" target=\"_blank\" rel=\"noreferrer noopener nofollow\">capital<\/a>, considerados s\u00edmbolos de m\u00e1 sorte \u2014 medida que obrigou muitos motoristas a repintar seus ve\u00edculos.<\/p>\n<p>        \u2014 ARTIGO CONTINUA ABAIXO \u2014<\/p>\n<p><a href=\"https:\/\/s.shopee.com.br\/5VN4rkS6Xu\" target=\"_blank\" rel=\" noreferrer noopener nofollow\"><img loading=\"lazy\" decoding=\"async\" width=\"1024\" height=\"1024\" src=\"data:image\/svg+xml,%3Csvg%20xmlns=\" http:=\"\" alt=\"\" class=\"wp-image-258659\" data-lazy-src=\"https:\/\/www.europesays.com\/pt\/wp-content\/uploads\/2025\/10\/Black-Friday-shopee-2025-1.jpg\"\/><\/a><\/p>\n<p>Ashgabat, por sua vez, det\u00e9m a maior concentra\u00e7\u00e3o de pr\u00e9dios em m\u00e1rmore branco do planeta. A cidade exibe ainda monumentos extravagantes, fontes luminosas e a maior roda-gigante instalada em ambiente fechado. Esses elementos refor\u00e7am a imagem de um lugar em que o extraordin\u00e1rio se mistura \u00e0 rotina.<\/p>\n<p>As regras e restri\u00e7\u00f5es mais rigorosas do pa\u00eds<\/p>\n<p>Desde a independ\u00eancia, o Turcomenist\u00e3o vive sob regimes autorit\u00e1rios que imp\u00f5em forte controle sobre a vida da popula\u00e7\u00e3o. As normas afetam desde a apar\u00eancia at\u00e9 a liberdade de express\u00e3o. Jovens s\u00e3o proibidos de usar barbas ou bigodes; c\u00e3es s\u00e3o restringidos na capital por serem considerados impuros; ve\u00edculos escuros s\u00e3o rejeitados em favor dos tons claros. O playback \u00e9 vetado em apresenta\u00e7\u00f5es art\u00edsticas, e at\u00e9 os meses e dias da semana foram renomeados com refer\u00eancias \u00e0 fam\u00edlia do ex-presidente Saparmurat Niyazov.<\/p>\n<p>O acesso \u00e0 internet tamb\u00e9m \u00e9 rigidamente controlado. Redes sociais e aplicativos de mensagens s\u00e3o bloqueados, e visitantes estrangeiros precisam de um visto especial obtido apenas mediante convite oficial. Durante a estadia, o turista deve seguir itiner\u00e1rios aprovados e ser acompanhado por guias autorizados.<\/p>\n<p>A experi\u00eancia de visitar um dos pa\u00edses mais fechados do mundo<\/p>\n<p>Viajar ao Turcomenist\u00e3o em 2025 ainda \u00e9 um privil\u00e9gio para poucos. O pa\u00eds recebe menos de 10 mil visitantes por ano. O processo para obten\u00e7\u00e3o de visto \u00e9 longo e burocr\u00e1tico, e o monitoramento constante cria uma sensa\u00e7\u00e3o de isolamento. Nas ruas largas e pouco movimentadas, o sil\u00eancio e a vigil\u00e2ncia constante refor\u00e7am a impress\u00e3o de estar em uma cidade cenogr\u00e1fica.<\/p>\n<p>Durante a visita, guias oficiais acompanham cada passo, e o acesso \u00e0 internet \u00e9 praticamente inexistente \u2014 at\u00e9 mesmo o uso de VPNs \u00e9 proibido. A comunica\u00e7\u00e3o com o exterior torna-se um desafio, fazendo da viagem uma experi\u00eancia rara e desconectada do mundo moderno.<\/p>\n<p>Um pa\u00eds de monumentos exc\u00eantricos e segredos no deserto<\/p>\n<p>Entre as maiores curiosidades, destaca-se a est\u00e1tua dourada de 15 metros do ex-presidente Niyazov, projetada para girar conforme o sol. O sucessor, Gurbanguly Berdimuhamedow, manteve o gosto por excentricidades e protagonizou cenas inusitadas em v\u00eddeos e eventos p\u00fablicos, pilotando ve\u00edculos e exibindo habilidades esportivas.<\/p>\n<p>Outro s\u00edmbolo marcante \u00e9 o \u201cPort\u00e3o do Inferno\u201d, uma cratera de g\u00e1s em chamas no deserto de Karakum, que arde h\u00e1 d\u00e9cadas e fascina cientistas e aventureiros. Esses contrastes \u2014 entre luxo urbano e isolamento natural \u2014 refor\u00e7am a imagem do Turcomenist\u00e3o como um dos lugares mais misteriosos, r\u00edgidos e ao mesmo tempo fascinantes da \u00c1sia Central.<\/p>\n","protected":false},"excerpt":{"rendered":"Publicado em 30\/10\/2025 \u00e0s 06:51 Localizado na \u00c1sia Central, o Turcomenist\u00e3o chama aten\u00e7\u00e3o por suas singularidades. Com cerca&hellip;\n","protected":false},"author":2,"featured_media":132550,"comment_status":"","ping_status":"","sticky":false,"template":"","format":"standard","meta":{"footnotes":""},"categories":[144],"tags":[207,205,206,203,201,202,2637,3459,204,114,115,32,33,30045],"class_list":{"0":"post-132549","1":"post","2":"type-post","3":"status-publish","4":"format-standard","5":"has-post-thumbnail","7":"category-arte-e-design","8":"tag-arte","9":"tag-arte-e-design","10":"tag-artedesign","11":"tag-arts","12":"tag-arts-and-design","13":"tag-artsanddesign","14":"tag-carros","15":"tag-coreia-do-norte","16":"tag-design","17":"tag-entertainment","18":"tag-entretenimento","19":"tag-portugal","20":"tag-pt","21":"tag-turcomenistao"},"share_on_mastodon":{"url":"https:\/\/pubeurope.com\/@pt\/115463266188405527","error":""},"_links":{"self":[{"href":"https:\/\/www.europesays.com\/pt\/wp-json\/wp\/v2\/posts\/132549","targetHints":{"allow":["GET"]}}],"collection":[{"href":"https:\/\/www.europesays.com\/pt\/wp-json\/wp\/v2\/posts"}],"about":[{"href":"https:\/\/www.europesays.com\/pt\/wp-json\/wp\/v2\/types\/post"}],"author":[{"embeddable":true,"href":"https:\/\/www.europesays.com\/pt\/wp-json\/wp\/v2\/users\/2"}],"replies":[{"embeddable":true,"href":"https:\/\/www.europesays.com\/pt\/wp-json\/wp\/v2\/comments?post=132549"}],"version-history":[{"count":0,"href":"https:\/\/www.europesays.com\/pt\/wp-json\/wp\/v2\/posts\/132549\/revisions"}],"wp:featuredmedia":[{"embeddable":true,"href":"https:\/\/www.europesays.com\/pt\/wp-json\/wp\/v2\/media\/132550"}],"wp:attachment":[{"href":"https:\/\/www.europesays.com\/pt\/wp-json\/wp\/v2\/media?parent=132549"}],"wp:term":[{"taxonomy":"category","embeddable":true,"href":"https:\/\/www.europesays.com\/pt\/wp-json\/wp\/v2\/categories?post=132549"},{"taxonomy":"post_tag","embeddable":true,"href":"https:\/\/www.europesays.com\/pt\/wp-json\/wp\/v2\/tags?post=132549"}],"curies":[{"name":"wp","href":"https:\/\/api.w.org\/{rel}","templated":true}]}}