{"id":132556,"date":"2025-10-30T13:11:09","date_gmt":"2025-10-30T13:11:09","guid":{"rendered":"https:\/\/www.europesays.com\/pt\/132556\/"},"modified":"2025-10-30T13:11:09","modified_gmt":"2025-10-30T13:11:09","slug":"portal-da-ufc-universidade-federal-do-ceara","status":"publish","type":"post","link":"https:\/\/www.europesays.com\/pt\/132556\/","title":{"rendered":"Portal da UFC &#8211; Universidade Federal do Cear\u00e1"},"content":{"rendered":"<dl class=\"article-info\">\n<dd class=\"create\">Quinta, 30 Outubro 2025 10:01<\/dd>\n<dd class=\"createdby\">Escrito por UFC Informa<\/dd>\n<\/dl>\n<p>Uma pesquisa da Universidade Federal do Cear\u00e1 (UFC) ganhou destaque nacional e conquistou o primeiro lugar no edital <a href=\"https:\/\/www.gov.br\/saude\/pt-br\/acesso-a-informacao\/participacao-social\/chamamentos-publicos\/2025\/chamamento-publico-conjunto-no-1-2025-mais-medicos-saps-e-sgtes\/resultado-final\" rel=\"nofollow noopener\" target=\"_blank\">Experi\u00eancias Exitosas do Programa Mais M\u00e9dicos<\/a>, vinculado ao Governo Federal. A iniciativa da Organiza\u00e7\u00e3o Pan-Americana da Sa\u00fade (Opas) e do Minist\u00e9rio da Sa\u00fade (MS) premiou, com nota m\u00e1xima, o trabalho intitulado <strong>\u201cDo saber ao fazer: Apoio Matricial em Hansen\u00edase em Fortaleza, Cear\u00e1\u201d<\/strong>, da m\u00e9dica e mestranda em Sa\u00fade P\u00fablica Juliana Ramos.<\/p>\n<p><img decoding=\"async\" style=\"display: block; margin-left: auto; margin-right: auto;\" title=\"A pesquisa descreve a implanta\u00e7\u00e3o do Apoio Matricial (AM) em hansen\u00edase em Fortaleza e demonstra como essa ferramenta pode fortalecer o cuidado \u00e0s pessoas acometidas pela doen\u00e7a (Foto: Juliana Ramos\/divulga\u00e7\u00e3o)\" src=\"https:\/\/www.europesays.com\/pt\/wp-content\/uploads\/2025\/10\/ft_251030_hanseniase_gr.png\" alt=\"Imagem: Juliana Ramos e equipe reunida\" \/><\/p>\n<p>\u201cEssa conquista representa o reconhecimento do trabalho que desenvolvemos com dedica\u00e7\u00e3o e compromisso com a sa\u00fade da popula\u00e7\u00e3o. <strong>O Apoio Matricial (AM) \u00e9 uma estrat\u00e9gia inovadora e promissora<\/strong> que poder\u00e1 ser replicada em outros locais do Pa\u00eds e tamb\u00e9m em outras \u00e1reas da sa\u00fade como Sa\u00fade da Crian\u00e7a, Sa\u00fade do Idoso, Sa\u00fade da Mulher e doen\u00e7as cr\u00f4nicas n\u00e3o transmiss\u00edveis, por exemplo\u201d, celebra Juliana Ramos.<\/p>\n<p>A hansen\u00edase \u00e9 uma <strong>doen\u00e7a infecciosa cr\u00f4nica<\/strong> causada pelos bacilos Mycobacterium leprae e Mycobacterium lepromatosis. Essas bact\u00e9rias acometem, preferencialmente, nervos perif\u00e9ricos e pele. Os sinais e sintomas da hansen\u00edase podem incluir les\u00f5es de pele avermelhadas e\/ou esbranqui\u00e7adas, altera\u00e7\u00e3o de sensibilidade, dorm\u00eancia, sensa\u00e7\u00e3o de choques, fisgadas ou formigamentos em m\u00e3os e p\u00e9s.<\/p>\n<p>Por afetar principalmente popula\u00e7\u00f5es de baixa renda e receber pouco investimento em assist\u00eancia, <strong>a hansen\u00edase \u00e9 considerada uma doen\u00e7a negligenciada.<\/strong> A pesquisadora explica que o Brasil \u00e9 um pa\u00eds com alta endemicidade para a doen\u00e7a, o que requer mais aten\u00e7\u00e3o aos sinais e sintomas. \u201cA hansen\u00edase pode causar sequelas irrevers\u00edveis, se n\u00e3o diagnosticada em tempo, e com significativas repercuss\u00f5es sociais, econ\u00f4micas e psicol\u00f3gicas, tanto em termos individuais, quanto coletivos\u201d, destaca.<\/p>\n<p>De olho nessa realidade, Juliana Ramos desenvolveu sua disserta\u00e7\u00e3o no Programa de P\u00f3s Gradua\u00e7\u00e3o em Sa\u00fade P\u00fablica (PPGSP) da UFC, sob orienta\u00e7\u00e3o do professor Alberto Novaes Ramos J\u00fanior. \u201cMinha pesquisa de mestrado teve como foco descrever a implanta\u00e7\u00e3o do Apoio Matricial em hansen\u00edase em Fortaleza e demonstrar <strong>como essa ferramenta pode fortalecer o cuidado \u00e0s pessoas acometidas<\/strong>, promovendo uma aten\u00e7\u00e3o mais integrada, resolutiva e humanizada na rede de sa\u00fade\u201d, ressalta a mestranda.<\/p>\n<p>Segundo Juliana Ramos, o diferencial do estudo foi trazer o tema da hansen\u00edase para o campo da Aten\u00e7\u00e3o Prim\u00e1ria \u00e0 Sa\u00fade (APS), evidenciando o potencial do <strong>matriciamento como estrat\u00e9gia de educa\u00e7\u00e3o permanente<\/strong>, amplia\u00e7\u00e3o da cl\u00ednica e coordena\u00e7\u00e3o do cuidado. \u201cOs resultados mostraram que, quando as equipes de aten\u00e7\u00e3o prim\u00e1ria recebem apoio t\u00e9cnico-pedag\u00f3gico e compartilhado dos especialistas, os diagn\u00f3sticos tornam-se mais precoces, os fluxos assistenciais se organizam de maneira mais \u00e1gil e o v\u00ednculo com o usu\u00e1rio se fortalece\u201d, destaca.<\/p>\n<p>A pesquisa da UFC identificou ainda que o apoio matricial favorece a corresponsabiliza\u00e7\u00e3o entre os profissionais, a integra\u00e7\u00e3o ensino-servi\u00e7o e a valoriza\u00e7\u00e3o dos saberes locais, elementos fundamentais para o enfrentamento do estigma e para a qualifica\u00e7\u00e3o do cuidado \u00e0s pessoas com hansen\u00edase. \u201cMais do que resultados quantitativos, <strong>a pesquisa revelou um processo de transforma\u00e7\u00e3o coletiva<\/strong>: profissionais mais confiantes, servi\u00e7os mais articulados e usu\u00e1rios mais acolhidos. Mostrou que o matriciamento n\u00e3o \u00e9 apenas uma ferramenta de gest\u00e3o, mas uma pr\u00e1tica de cuidado compartilhado, sustentada pelo di\u00e1logo, pela escuta e pelo afeto\u201d, explica.<\/p>\n<p><img decoding=\"async\" style=\"display: block; margin-left: auto; margin-right: auto;\" title=\"A hansen\u00edase pode causar les\u00f5es de pele avermelhadas e\/ou esbranqui\u00e7adas, altera\u00e7\u00e3o de sensibilidade, dorm\u00eancia, sensa\u00e7\u00e3o de choques, fisgadas ou formigamentos em m\u00e3os e p\u00e9s (Foto: Juliana Ramos\/divulga\u00e7\u00e3o)\" src=\"https:\/\/www.europesays.com\/pt\/wp-content\/uploads\/2025\/10\/ft_251030_hanseniase3_gr.png\" alt=\"Imagem: Tratamento de hansen\u00edase na rede p\u00fablica de sa\u00fade\" \/><\/p>\n<p><strong>SOBRE A PESQUISADORA<\/strong> &#8211; Juliana Ramos \u00e9 m\u00e9dica formada pela Universidade Federal do Maranh\u00e3o (UFMA), com resid\u00eancia m\u00e9dica em Dermatologia pelo Hospital Universit\u00e1rio Walter Cant\u00eddio (HUWC) da UFC. Al\u00e9m de mestranda do PPGSP, ela tem especializa\u00e7\u00e3o em Sa\u00fade da Fam\u00edlia pela UFC. \u201cToda a minha trajet\u00f3ria como estudante aconteceu em institui\u00e7\u00f5es p\u00fablicas, o que desperta em mim um profundo sentimento de gratid\u00e3o. Por isso, considero natural retribuir \u00e0 sociedade tudo o que recebi ao longo da minha forma\u00e7\u00e3o\u201d, afirma.<\/p>\n<p>Durante a trajet\u00f3ria profissional, Juliana Ramos atuou em consult\u00f3rios privados e na rede p\u00fablica de sa\u00fade. \u201cCom o tempo, percebi que meu verdadeiro prop\u00f3sito estava no SUS, especialmente no cuidado \u00e0s popula\u00e7\u00f5es mais vulner\u00e1veis. Durante minha atua\u00e7\u00e3o como m\u00e9dica da Estrat\u00e9gia Sa\u00fade da Fam\u00edlia (ESF), no bairro Jangurussu, em Fortaleza, identifiquei diversos casos de hansen\u00edase, o que despertou meu interesse pelo tema e aproximou meu trabalho da vigil\u00e2ncia epidemiol\u00f3gica municipal\u201d, complementa Juliana.<\/p>\n<p>Mais do que um interesse t\u00e9cnico, Juliana explica que a experi\u00eancia na rede p\u00fablica de sa\u00fade tem sido um encontro humano. \u201cPassei a me sensibilizar profundamente com as pessoas acometidas pela hansen\u00edase, pessoas que carregam as marcas vis\u00edveis e invis\u00edveis de um diagn\u00f3stico tardio, e que, mesmo diante da dor e do estigma, seguem firmes, com uma for\u00e7a e uma esperan\u00e7a que nos ensinam todos os dias li\u00e7\u00f5es de coragem e esperan\u00e7a\u201d, conclui a mestranda da UFC.<\/p>\n<p>Fonte: Juliana Ramos, mestranda do Programa de P\u00f3s Gradua\u00e7\u00e3o em Sa\u00fade P\u00fablica da UFC &#8211; e-mail: Este endere\u00e7o de email est\u00e1 sendo protegido de spambots. Voc\u00ea precisa do JavaScript ativado para v\u00ea-lo.<\/p>\n","protected":false},"excerpt":{"rendered":"Quinta, 30 Outubro 2025 10:01 Escrito por UFC Informa Uma pesquisa da Universidade Federal do Cear\u00e1 (UFC) ganhou&hellip;\n","protected":false},"author":2,"featured_media":132557,"comment_status":"","ping_status":"","sticky":false,"template":"","format":"standard","meta":{"footnotes":""},"categories":[86],"tags":[30048,1246,30046,9432,1247,6835,116,30047,9433,32,6836,33,117,24578,3062,23112],"class_list":{"0":"post-132556","1":"post","2":"type-post","3":"status-publish","4":"format-standard","5":"has-post-thumbnail","7":"category-saude","8":"tag-casas-de-cultura-extrangeira","9":"tag-ceara","10":"tag-curso-de-extensao","11":"tag-doutorado","12":"tag-fortaleza","13":"tag-graduacao","14":"tag-health","15":"tag-intercambio","16":"tag-mestrado","17":"tag-portugal","18":"tag-pos-graduacao","19":"tag-pt","20":"tag-saude","21":"tag-ufc","22":"tag-universidade","23":"tag-universidade-federal"},"share_on_mastodon":{"url":"https:\/\/pubeurope.com\/@pt\/115463290002132574","error":""},"_links":{"self":[{"href":"https:\/\/www.europesays.com\/pt\/wp-json\/wp\/v2\/posts\/132556","targetHints":{"allow":["GET"]}}],"collection":[{"href":"https:\/\/www.europesays.com\/pt\/wp-json\/wp\/v2\/posts"}],"about":[{"href":"https:\/\/www.europesays.com\/pt\/wp-json\/wp\/v2\/types\/post"}],"author":[{"embeddable":true,"href":"https:\/\/www.europesays.com\/pt\/wp-json\/wp\/v2\/users\/2"}],"replies":[{"embeddable":true,"href":"https:\/\/www.europesays.com\/pt\/wp-json\/wp\/v2\/comments?post=132556"}],"version-history":[{"count":0,"href":"https:\/\/www.europesays.com\/pt\/wp-json\/wp\/v2\/posts\/132556\/revisions"}],"wp:featuredmedia":[{"embeddable":true,"href":"https:\/\/www.europesays.com\/pt\/wp-json\/wp\/v2\/media\/132557"}],"wp:attachment":[{"href":"https:\/\/www.europesays.com\/pt\/wp-json\/wp\/v2\/media?parent=132556"}],"wp:term":[{"taxonomy":"category","embeddable":true,"href":"https:\/\/www.europesays.com\/pt\/wp-json\/wp\/v2\/categories?post=132556"},{"taxonomy":"post_tag","embeddable":true,"href":"https:\/\/www.europesays.com\/pt\/wp-json\/wp\/v2\/tags?post=132556"}],"curies":[{"name":"wp","href":"https:\/\/api.w.org\/{rel}","templated":true}]}}