{"id":132577,"date":"2025-10-30T13:28:15","date_gmt":"2025-10-30T13:28:15","guid":{"rendered":"https:\/\/www.europesays.com\/pt\/132577\/"},"modified":"2025-10-30T13:28:15","modified_gmt":"2025-10-30T13:28:15","slug":"vingadores-a-dinastia-kang-mostraria-os-jovens-vingadores-derrotando-kang-mas-nao-do-jeito-que-imaginavamos","status":"publish","type":"post","link":"https:\/\/www.europesays.com\/pt\/132577\/","title":{"rendered":"&#8216;Vingadores: A Dinastia Kang&#8217; mostraria os Jovens Vingadores derrotando Kang &#8211; mas n\u00e3o do jeito que imagin\u00e1vamos"},"content":{"rendered":"<p>A <strong><a href=\"https:\/\/cinepop.com.br\/tag\/marvel\/\" title=\"Marvel\" rel=\"nofollow noopener\" target=\"_blank\">Marvel<\/a> Studios<\/strong> anunciou\u00a0<strong>\u2018<a href=\"https:\/\/cinepop.com.br\/tag\/vingadores\/\" title=\"Vingadores\" rel=\"nofollow noopener\" target=\"_blank\">Vingadores<\/a>: Doomsday\u2019<\/strong> na <strong>SDCC <\/strong>do ano passado, com <strong>Robert Downey Jr.<\/strong> retornando ao <a href=\"https:\/\/cinepop.com.br\/tag\/mcu\/\" title=\"MCU\" rel=\"nofollow noopener\" target=\"_blank\">MCU<\/a> como o vil\u00e3o Doutor Destino.<\/p>\n<p>Como sabemos, o pr\u00f3ximo filme dos <a href=\"https:\/\/cinepop.com.br\/tag\/vingadores\/\" title=\"Vingadores\" rel=\"nofollow noopener\" target=\"_blank\">Vingadores<\/a> originalmente se chamava <strong>\u2018A Dinastia Kang\u2019<\/strong>\u00a0e estava se configurando como um filme muito diferente antes da demiss\u00e3o do ator <strong>Jonathan Majors<\/strong>, que interpretaria o vil\u00e3o.<\/p>\n<p>Agora, o co-roteirista <strong><a href=\"https:\/\/cinepop.com.br\/tag\/michael-waldron\/\" title=\"Michael Waldron\" rel=\"nofollow noopener\" target=\"_blank\">Michael Waldron<\/a><\/strong> \u2014 que tamb\u00e9m trabalhou no roteiro de <b>\u2018Doomsday\u2019 <\/b>\u2014 compartilhou detalhes sobre um cen\u00e1rio intrigante que apresentou \u00e0 <a href=\"https:\/\/cinepop.com.br\/tag\/marvel\/\" title=\"Marvel\" rel=\"nofollow noopener\" target=\"_blank\">Marvel<\/a> junto com a <strong><a href=\"https:\/\/cinepop.com.br\/tag\/jeff-loveness\/\" title=\"Jeff Loveness\" rel=\"nofollow noopener\" target=\"_blank\">Jeff Loveness<\/a><\/strong>.<\/p>\n<p>Waldron e Loveness queriam que os Jovens <a href=\"https:\/\/cinepop.com.br\/tag\/vingadores\/\" title=\"Vingadores\" rel=\"nofollow noopener\" target=\"_blank\">Vingadores<\/a> derrotassem Kang na hist\u00f3ria \u2013 mas com uma reviravolta: ap\u00f3s derrot\u00e1-lo, a equipe descobriria que, na verdade, ele era apenas uma variante inexperiente do todo-poderoso Conquistador.<\/p>\n<p>\u201c<a href=\"https:\/\/cinepop.com.br\/tag\/jeff-loveness\/\" title=\"Jeff Loveness\" rel=\"nofollow noopener\" target=\"_blank\">Jeff Loveness<\/a> e eu passamos uma tarde inteira apresentando a ideia dos Jovens <a href=\"https:\/\/cinepop.com.br\/tag\/vingadores\/\" title=\"Vingadores\" rel=\"nofollow noopener\" target=\"_blank\">Vingadores<\/a> derrotando uma vers\u00e3o de Kang e est\u00e1vamos super animados\u2026 S\u00f3 para descobrir que aquele Kang em particular carregava um cart\u00e3ozinho dizendo para terem paci\u00eancia com ele, pois era seu primeiro dia como Kang. E a\u00ed eles ficaram bem decepcionados\u201c, disse Waldron durante uma sess\u00e3o de perguntas e respostas no <strong><a href=\"https:\/\/www.reddit.com\/r\/movies\/comments\/1ohdvh8\/comment\/nlvvtqn\/\" rel=\"nofollow noopener\" target=\"_blank\">Reddit<\/a><\/strong>. \u201cAcho que ele seria o Kang-Lagarto do final de [<strong>\u2018Homem-Formiga e a Vespa: Quantumania\u2019 (sic)]<\/strong>? N\u00e3o sei. Enfim, nos divertimos\u201d.<\/p>\n<p>Vale lembrar que <strong>\u2018<a href=\"https:\/\/cinepop.com.br\/tag\/vingadores\/\" title=\"Vingadores\" rel=\"nofollow noopener\" target=\"_blank\">Vingadores<\/a>: <\/strong><strong>Doomsday\u2019<\/strong> tem estreia marcada nos cinemas brasileiros para o dia <strong>17 de dezembro de 2026<\/strong>, um dia antes do lan\u00e7amento nos Estados Unidos. J\u00e1 a sequ\u00eancia\u00a0<strong>\u2018Guerras Secretas\u2019<\/strong> est\u00e1 programado para chegar \u00e0s telonas exatamente um ano depois, em <strong>17 de dezembro de 2027.<\/strong><\/p>\n","protected":false},"excerpt":{"rendered":"A Marvel Studios anunciou\u00a0\u2018Vingadores: Doomsday\u2019 na SDCC do ano passado, com Robert Downey Jr. retornando ao MCU como&hellip;\n","protected":false},"author":2,"featured_media":132578,"comment_status":"","ping_status":"","sticky":false,"template":"","format":"standard","meta":{"footnotes":""},"categories":[140],"tags":[114,115,147,148,30050,792,12733,11189,15418,146,32,33,6386,14176,16368],"class_list":{"0":"post-132577","1":"post","2":"type-post","3":"status-publish","4":"format-standard","5":"has-post-thumbnail","7":"category-filmes","8":"tag-entertainment","9":"tag-entretenimento","10":"tag-film","11":"tag-filmes","12":"tag-jeff-loveness","13":"tag-marvel","14":"tag-marvel-studios","15":"tag-mcu","16":"tag-michael-waldron","17":"tag-movies","18":"tag-portugal","19":"tag-pt","20":"tag-vingadores","21":"tag-vingadores-doomsday","22":"tag-vingadores-guerras-secretas"},"share_on_mastodon":{"url":"https:\/\/pubeurope.com\/@pt\/115463356616201242","error":""},"_links":{"self":[{"href":"https:\/\/www.europesays.com\/pt\/wp-json\/wp\/v2\/posts\/132577","targetHints":{"allow":["GET"]}}],"collection":[{"href":"https:\/\/www.europesays.com\/pt\/wp-json\/wp\/v2\/posts"}],"about":[{"href":"https:\/\/www.europesays.com\/pt\/wp-json\/wp\/v2\/types\/post"}],"author":[{"embeddable":true,"href":"https:\/\/www.europesays.com\/pt\/wp-json\/wp\/v2\/users\/2"}],"replies":[{"embeddable":true,"href":"https:\/\/www.europesays.com\/pt\/wp-json\/wp\/v2\/comments?post=132577"}],"version-history":[{"count":0,"href":"https:\/\/www.europesays.com\/pt\/wp-json\/wp\/v2\/posts\/132577\/revisions"}],"wp:featuredmedia":[{"embeddable":true,"href":"https:\/\/www.europesays.com\/pt\/wp-json\/wp\/v2\/media\/132578"}],"wp:attachment":[{"href":"https:\/\/www.europesays.com\/pt\/wp-json\/wp\/v2\/media?parent=132577"}],"wp:term":[{"taxonomy":"category","embeddable":true,"href":"https:\/\/www.europesays.com\/pt\/wp-json\/wp\/v2\/categories?post=132577"},{"taxonomy":"post_tag","embeddable":true,"href":"https:\/\/www.europesays.com\/pt\/wp-json\/wp\/v2\/tags?post=132577"}],"curies":[{"name":"wp","href":"https:\/\/api.w.org\/{rel}","templated":true}]}}