{"id":132632,"date":"2025-10-30T14:10:18","date_gmt":"2025-10-30T14:10:18","guid":{"rendered":"https:\/\/www.europesays.com\/pt\/132632\/"},"modified":"2025-10-30T14:10:18","modified_gmt":"2025-10-30T14:10:18","slug":"biatrix-lourix-quebra-silencio-sobre-fim-do-noivado-com-rodrigo-paganelli-nem-todas-as-historias","status":"publish","type":"post","link":"https:\/\/www.europesays.com\/pt\/132632\/","title":{"rendered":"Biatrix Lourix &#8211; Quebra sil\u00eancio sobre fim do noivado com Rodrigo Paganelli: \u201cNem todas as hist\u00f3rias&#8230;\u201d"},"content":{"rendered":"<p>Ao fim de seis anos juntos e um pedido de casamento, <strong>Rodrigo Paganelli<\/strong> e <strong>Beatriz Silva<\/strong> colocaram um fim ao seu romance.<\/p>\n<p>Segundo <strong>Ricardo Azedo<\/strong> no <strong>Noite das Estrelas<\/strong>, <strong>\u201cter\u00e1 sido um afastamento grave\u201d<\/strong> pois \u201cn\u00e3o h\u00e1 contacto\u201d entre eles e \u201cj\u00e1 nem se seguem nas redes sociais\u201d.<\/p>\n<p>O ator da <strong>TVI<\/strong> <a href=\"https:\/\/www.novagente.pt\/rodrigo-paganelli-ja-nao-ha-casamento-ator-beatriz-lourix-estao-separados\" rel=\"nofollow noopener\" target=\"_blank\">j\u00e1 se pronunciou<\/a> sobre a separa\u00e7\u00e3o \u00e0 <strong>CMTV<\/strong> e agora foi a vez de<strong> Biatrix Lourix<\/strong>.<\/p>\n<p><strong>\u201cDa minha parte, nem todas as hist\u00f3rias bonitas duram para sempre. Desejo-lhe muito sucesso, que seja muito feliz e que consiga concretizar todos os seus sonhos\u201d<\/strong>, come\u00e7ou por dizer \u00e0 Selfie.<\/p>\n<p><strong>\u201cA rela\u00e7\u00e3o acabou, mas o respeito pelo Rodrigo e pela fam\u00edlia dele, esse mant\u00e9m-se para sempre\u201d<\/strong>, sublinhou e continuou: \u201cEstou numa fase em que tenho de me dedicar a mim, aos meus projetos, ao meu trabalho e aos meus sonhos. \u00c9 uma fase de amor pr\u00f3prio e de ver o que o futuro traz\u201d.<\/p>\n<p>\u00a0<\/p>\n<p>Texto: Carolina Charrua; Fotos: Redes sociais e Impala<\/p>\n<p class=\"intagram-text\">Siga a Nova Gente no Instagram<\/p>\n<p>                        <a href=\"https:\/\/www.instagram.com\/revistanovagente\/\" target=\"_blank\" aria-label=\"instagram\" rel=\"noopener nofollow\"><img decoding=\"async\" style=\"display: block; margin-left: auto; margin-right: auto; width: 250px; height: 83px;\" src=\"https:\/\/www.europesays.com\/pt\/wp-content\/uploads\/2025\/10\/Instagram_NG.png\" alt=\"instagram\"\/><\/a><br \/>\n                    <script async src=\"\/\/www.instagram.com\/embed.js\"><\/script><\/p>\n","protected":false},"excerpt":{"rendered":"Ao fim de seis anos juntos e um pedido de casamento, Rodrigo Paganelli e Beatriz Silva colocaram um&hellip;\n","protected":false},"author":2,"featured_media":132633,"comment_status":"","ping_status":"","sticky":false,"template":"","format":"standard","meta":{"footnotes":""},"categories":[145],"tags":[30054,30053,211,210,114,115,8083,32,33,5870,11372,1509],"class_list":{"0":"post-132632","1":"post","2":"type-post","3":"status-publish","4":"format-standard","5":"has-post-thumbnail","7":"category-celebridades","8":"tag-beatriz-silva","9":"tag-biatrix-lourix","10":"tag-celebridades","11":"tag-celebrities","12":"tag-entertainment","13":"tag-entretenimento","14":"tag-noivado","15":"tag-portugal","16":"tag-pt","17":"tag-relacao","18":"tag-rodrigo-paganelli","19":"tag-separacao"},"share_on_mastodon":{"url":"https:\/\/pubeurope.com\/@pt\/115463521956990289","error":""},"_links":{"self":[{"href":"https:\/\/www.europesays.com\/pt\/wp-json\/wp\/v2\/posts\/132632","targetHints":{"allow":["GET"]}}],"collection":[{"href":"https:\/\/www.europesays.com\/pt\/wp-json\/wp\/v2\/posts"}],"about":[{"href":"https:\/\/www.europesays.com\/pt\/wp-json\/wp\/v2\/types\/post"}],"author":[{"embeddable":true,"href":"https:\/\/www.europesays.com\/pt\/wp-json\/wp\/v2\/users\/2"}],"replies":[{"embeddable":true,"href":"https:\/\/www.europesays.com\/pt\/wp-json\/wp\/v2\/comments?post=132632"}],"version-history":[{"count":0,"href":"https:\/\/www.europesays.com\/pt\/wp-json\/wp\/v2\/posts\/132632\/revisions"}],"wp:featuredmedia":[{"embeddable":true,"href":"https:\/\/www.europesays.com\/pt\/wp-json\/wp\/v2\/media\/132633"}],"wp:attachment":[{"href":"https:\/\/www.europesays.com\/pt\/wp-json\/wp\/v2\/media?parent=132632"}],"wp:term":[{"taxonomy":"category","embeddable":true,"href":"https:\/\/www.europesays.com\/pt\/wp-json\/wp\/v2\/categories?post=132632"},{"taxonomy":"post_tag","embeddable":true,"href":"https:\/\/www.europesays.com\/pt\/wp-json\/wp\/v2\/tags?post=132632"}],"curies":[{"name":"wp","href":"https:\/\/api.w.org\/{rel}","templated":true}]}}