{"id":132637,"date":"2025-10-30T14:16:14","date_gmt":"2025-10-30T14:16:14","guid":{"rendered":"https:\/\/www.europesays.com\/pt\/132637\/"},"modified":"2025-10-30T14:16:14","modified_gmt":"2025-10-30T14:16:14","slug":"franca-lyon-desperdica-vantagem-de-tres-golos-num-jogo-louco","status":"publish","type":"post","link":"https:\/\/www.europesays.com\/pt\/132637\/","title":{"rendered":"Fran\u00e7a: Lyon desperdi\u00e7a vantagem de tr\u00eas golos num jogo louco"},"content":{"rendered":"<p style=\"margin-bottom:11px\">Quarta-feira de loucos na Liga francesa, com a 10.\u00aa jornada a fechar com um festival de golos.<\/p>\n<p>Em Marselha, o Olympique foi para o intervalo do jogo com o Angers a perder por 1-0, pelo golo do jovem Sidiki Ch\u00e9rif, que marca h\u00e1 tr\u00eas jornadas seguidas, e viu o advers\u00e1rio festejar o segundo no arranque da segunda parte, mas o lance foi anulado por fora de jogo de Egan-Riley.<\/p>\n<p>Seguiu-se a reviravolta marselhesa, com dois golos de Robinio Vaz, avan\u00e7ado de apenas 18 anos lan\u00e7ado por De Zerbi ao intervalo. S\u00f3 que, no sexto dos dez minutos de descontos, Camara anulou a vantagem do Marselha, fixando o resultado em 2-2. Um deslize que impede o Olympique de retomar o contacto com a lideran\u00e7a, agora na posse exclusivamente do PSG.<\/p>\n<p>Quem tamb\u00e9m falhou a colagem ao campe\u00e3o franc\u00eas foi o Lyon, que desperdi\u00e7ou uma vantagem de tr\u00eas golos na casa do Paris FC, onde empatou 3-3. O ex-Sporting, Afonso Moreira, esteve em evid\u00eancia na equipa orientada por Paulo Fonseca, ao ter assistido para os golos de Sulc, que bisou.<\/p>\n<p>Por\u00e9m, a expuls\u00e3o de Abner Vin\u00edcius, aos 61 minutos, deu outro \u00e2nimo ao Paris FC, que conseguiu anular a desvantagem entre os minutos 65 e 84 por interm\u00e9dio de Camara, Kebbal e Marchetti. Pelo meio, ainda viu De Smet ser expulso. Uma loucura.<\/p>\n<p>Ainda mais golos teve o duelo entre Nantes e M\u00f3naco, que os monegascos venceram por 5-3, resultado que lhes permite assumir a vice-lideran\u00e7a da Ligue 1. Anthony Lopes defendeu a baliza dos Can\u00e1rios, que t\u00eam como treinador o portugu\u00eas Lu\u00eds Castro.<\/p>\n<p>Com Rafael Lu\u00eds e Diego Moreira no onze inicial, o Estrasburgo bateu, sem dificuldade, o Auxerre por 3-0. O resultado foi constru\u00eddo entre os minutos 46 e 61, por Panichelli, que marcou pelo quinto jogo consecutivo, Nanasi e Barco.<\/p>\n<p>Quanto ao Toulouse conseguiu anular uma desvantagem de dois golos na rece\u00e7\u00e3o ao Rennes (2-2), salvando um ponto com um pen\u00e1lti convertido por Donnum, aos 85 minutos.<\/p>\n","protected":false},"excerpt":{"rendered":"Quarta-feira de loucos na Liga francesa, com a 10.\u00aa jornada a fechar com um festival de golos. Em&hellip;\n","protected":false},"author":2,"featured_media":132638,"comment_status":"","ping_status":"","sticky":false,"template":"","format":"standard","meta":{"footnotes":""},"categories":[87],"tags":[28682,135,30055,10393,208,82,5433,9205,1767,1530,1356,46,11656,4765,30056,12863,32,33,47,10394,5434,5920,134],"class_list":{"0":"post-132637","1":"post","2":"type-post","3":"status-publish","4":"format-standard","5":"has-post-thumbnail","7":"category-desporto","8":"tag-afonso-moreira","9":"tag-desporto","10":"tag-diego-moreira","11":"tag-estrasburgo","12":"tag-franca","13":"tag-internacional","14":"tag-jogos-hoje","15":"tag-liga-francesa","16":"tag-ligue-1","17":"tag-lyon","18":"tag-mais-futebol","19":"tag-maisfutebol","20":"tag-marselha","21":"tag-monaco","22":"tag-nantes","23":"tag-paris-fc","24":"tag-portugal","25":"tag-pt","26":"tag-pura-paixao","27":"tag-rafael-luis","28":"tag-resultados-hoje","29":"tag-resultados-maisfutebol","30":"tag-sports"},"share_on_mastodon":{"url":"https:\/\/pubeurope.com\/@pt\/115463545418189428","error":""},"_links":{"self":[{"href":"https:\/\/www.europesays.com\/pt\/wp-json\/wp\/v2\/posts\/132637","targetHints":{"allow":["GET"]}}],"collection":[{"href":"https:\/\/www.europesays.com\/pt\/wp-json\/wp\/v2\/posts"}],"about":[{"href":"https:\/\/www.europesays.com\/pt\/wp-json\/wp\/v2\/types\/post"}],"author":[{"embeddable":true,"href":"https:\/\/www.europesays.com\/pt\/wp-json\/wp\/v2\/users\/2"}],"replies":[{"embeddable":true,"href":"https:\/\/www.europesays.com\/pt\/wp-json\/wp\/v2\/comments?post=132637"}],"version-history":[{"count":0,"href":"https:\/\/www.europesays.com\/pt\/wp-json\/wp\/v2\/posts\/132637\/revisions"}],"wp:featuredmedia":[{"embeddable":true,"href":"https:\/\/www.europesays.com\/pt\/wp-json\/wp\/v2\/media\/132638"}],"wp:attachment":[{"href":"https:\/\/www.europesays.com\/pt\/wp-json\/wp\/v2\/media?parent=132637"}],"wp:term":[{"taxonomy":"category","embeddable":true,"href":"https:\/\/www.europesays.com\/pt\/wp-json\/wp\/v2\/categories?post=132637"},{"taxonomy":"post_tag","embeddable":true,"href":"https:\/\/www.europesays.com\/pt\/wp-json\/wp\/v2\/tags?post=132637"}],"curies":[{"name":"wp","href":"https:\/\/api.w.org\/{rel}","templated":true}]}}