{"id":132650,"date":"2025-10-30T14:27:09","date_gmt":"2025-10-30T14:27:09","guid":{"rendered":"https:\/\/www.europesays.com\/pt\/132650\/"},"modified":"2025-10-30T14:27:09","modified_gmt":"2025-10-30T14:27:09","slug":"benedita-faz-uma-promessa-vou-tomar-conta-de-ti-esteja-eu-onde-estiver-novelas","status":"publish","type":"post","link":"https:\/\/www.europesays.com\/pt\/132650\/","title":{"rendered":"Benedita faz uma promessa: \u00abVou tomar conta de ti, esteja eu onde estiver\u00bb &#8211; Novelas"},"content":{"rendered":"<p>Em \u00abA Protegida\u00bb, Benedita (Maria do C\u00e9u Guerra) est\u00e1 agora debru\u00e7ada sobre o ber\u00e7o e fala com a bisneta. Percebemos que fingiu estar a dormir, para que Mariana (Matilde Reym\u00e3o) e JD (Pedro Sousa) passassem a noite juntos e recuperassem o tempo perdido. Benedita diz ainda que quer aproveitar todo o tempo com Carlota, porque n\u00e3o sabe quanto tempo mais vai ter, mas promete cuidar sempre dela, esteja onde estiver.<\/p>\n","protected":false},"excerpt":{"rendered":"Em \u00abA Protegida\u00bb, Benedita (Maria do C\u00e9u Guerra) est\u00e1 agora debru\u00e7ada sobre o ber\u00e7o e fala com a&hellip;\n","protected":false},"author":2,"featured_media":132651,"comment_status":"","ping_status":"","sticky":false,"template":"","format":"standard","meta":{"footnotes":""},"categories":[142],"tags":[168,160,166,114,115,157,167,164,161,158,165,159,32,33,156,163,151,162],"class_list":{"0":"post-132650","1":"post","2":"type-post","3":"status-publish","4":"format-standard","5":"has-post-thumbnail","7":"category-tv","8":"tag-a-protegida","9":"tag-ana-guiomar","10":"tag-cristina-ferreira","11":"tag-entertainment","12":"tag-entretenimento","13":"tag-festa-e-festa","14":"tag-ficcao","15":"tag-jose-fidalgo","16":"tag-novelas","17":"tag-para-sempre","18":"tag-pedro-sousa","19":"tag-pedro-teixeira","20":"tag-portugal","21":"tag-pt","22":"tag-queridos-papas","23":"tag-tiago-teotonio-pereira","24":"tag-tv","25":"tag-tvi"},"share_on_mastodon":{"url":"https:\/\/pubeurope.com\/@pt\/115463588797674947","error":""},"_links":{"self":[{"href":"https:\/\/www.europesays.com\/pt\/wp-json\/wp\/v2\/posts\/132650","targetHints":{"allow":["GET"]}}],"collection":[{"href":"https:\/\/www.europesays.com\/pt\/wp-json\/wp\/v2\/posts"}],"about":[{"href":"https:\/\/www.europesays.com\/pt\/wp-json\/wp\/v2\/types\/post"}],"author":[{"embeddable":true,"href":"https:\/\/www.europesays.com\/pt\/wp-json\/wp\/v2\/users\/2"}],"replies":[{"embeddable":true,"href":"https:\/\/www.europesays.com\/pt\/wp-json\/wp\/v2\/comments?post=132650"}],"version-history":[{"count":0,"href":"https:\/\/www.europesays.com\/pt\/wp-json\/wp\/v2\/posts\/132650\/revisions"}],"wp:featuredmedia":[{"embeddable":true,"href":"https:\/\/www.europesays.com\/pt\/wp-json\/wp\/v2\/media\/132651"}],"wp:attachment":[{"href":"https:\/\/www.europesays.com\/pt\/wp-json\/wp\/v2\/media?parent=132650"}],"wp:term":[{"taxonomy":"category","embeddable":true,"href":"https:\/\/www.europesays.com\/pt\/wp-json\/wp\/v2\/categories?post=132650"},{"taxonomy":"post_tag","embeddable":true,"href":"https:\/\/www.europesays.com\/pt\/wp-json\/wp\/v2\/tags?post=132650"}],"curies":[{"name":"wp","href":"https:\/\/api.w.org\/{rel}","templated":true}]}}