{"id":132657,"date":"2025-10-30T14:33:19","date_gmt":"2025-10-30T14:33:19","guid":{"rendered":"https:\/\/www.europesays.com\/pt\/132657\/"},"modified":"2025-10-30T14:33:19","modified_gmt":"2025-10-30T14:33:19","slug":"como-fazer-o-android-responder-mais-rapido-aos-seus-comandos","status":"publish","type":"post","link":"https:\/\/www.europesays.com\/pt\/132657\/","title":{"rendered":"Como fazer o Android responder mais r\u00e1pido aos seus comandos"},"content":{"rendered":"<p>Se a\u00a0<strong>tela do celular est\u00e1 lenta para responder<\/strong>, ajustes nas\u00a0<strong>Op\u00e7\u00f5es do Desenvolvedor<\/strong>\u00a0podem ajudar a acelerar as transi\u00e7\u00f5es e melhorar a fluidez, tornando o uso no dia a dia mais eficiente.<\/p>\n<p>\t\t\t    Como ativar as op\u00e7\u00f5es do desenvolvedor no Android?    <\/p>\n<p>Ativar as\u00a0<strong>Op\u00e7\u00f5es do Desenvolvedor<\/strong>\u00a0\u00e9 o primeiro passo para otimizar o desempenho do seu smartphone. Esse recurso d\u00e1 acesso a configura\u00e7\u00f5es avan\u00e7adas para personalizar e tornar o aparelho mais r\u00e1pido.<\/p>\n<p>Procure \u201c<strong>Sistema<\/strong>\u201d e, em seguida, \u201c<strong>Sobre o Phone<\/strong>\u201d. Toque sete vezes em \u201c<strong>N\u00famero da Compila\u00e7\u00e3o<\/strong>\u201d at\u00e9 aparecer um aviso de desbloqueio. A localiza\u00e7\u00e3o pode variar conforme a marca, ent\u00e3o use a busca se necess\u00e1rio.<\/p>\n<p>    Quais configura\u00e7\u00f5es de anima\u00e7\u00e3o melhoram a resposta da tela?    <\/p>\n<p>Ap\u00f3s ativar as\u00a0<strong>Op\u00e7\u00f5es do Desenvolvedor<\/strong>, \u00e9 poss\u00edvel ajustar op\u00e7\u00f5es para deixar as transi\u00e7\u00f5es do sistema mais r\u00e1pidas. Isso proporciona uma resposta mais imediata a cada toque na tela.<\/p>\n<p>Abaixo est\u00e3o as principais configura\u00e7\u00f5es de anima\u00e7\u00e3o que voc\u00ea pode modificar:<\/p>\n<ul class=\"wp-block-list\">\n<li>\u201cEscala de anima\u00e7\u00e3o de janela\u201d<\/li>\n<li>\u201cEscala de anima\u00e7\u00e3o de transi\u00e7\u00e3o\u201d<\/li>\n<li>\u201cEscala de dura\u00e7\u00e3o do animador\u201d<\/li>\n<\/ul>\n<p>Ajuste todos para \u201c0.5x\u201d para aumentar a agilidade sem perder totalmente o visual, ou desligue as anima\u00e7\u00f5es para m\u00e1xima velocidade.<\/p>\n<p>          Reduzir as anima\u00e7\u00f5es pode ajudar a economizar bateria?    <\/p>\n<p>Diminuir a escala das anima\u00e7\u00f5es pode contribuir para maior\u00a0<strong>efici\u00eancia energ\u00e9tica<\/strong>. Com menos efeitos visuais, a CPU e a GPU trabalham menos, o que pode resultar em menor consumo de bateria, especialmente em aparelhos mais simples.<\/p>\n<p>Caso voc\u00ea use muitos apps pesados, combinar essa dica com outras pr\u00e1ticas de conserva\u00e7\u00e3o potencializa os resultados.<\/p>\n<p><strong>Leia tamb\u00e9m:<\/strong>\u00a0<strong><a href=\"https:\/\/brasil.perfil.com\/tecnologia\/como-essa-ferramenta-comum-do-google-pode-ampliar-o-alcance-da-sua-marca-em-2025.phtml\" target=\"_blank\" rel=\"noreferrer noopener nofollow\">Como essa ferramenta comum do Google pode ampliar o alcance da sua marca em 2025<\/a><\/strong><\/p>\n<p>    Quais s\u00e3o as principais dicas para deixar o Android mais r\u00e1pido?    <\/p>\n<p>Ao acessar as\u00a0<strong>Op\u00e7\u00f5es do Desenvolvedor<\/strong>\u00a0e ajustar as anima\u00e7\u00f5es, voc\u00ea consegue um <a href=\"https:\/\/www.android.com\/intl\/pt_br\/new-features-on-android\/featured\/\" target=\"_blank\" rel=\"noreferrer noopener nofollow\"><strong>Android <\/strong>mais \u00e1gil<\/a> e uma experi\u00eancia de uso aprimorada. Mesmo pequenas mudan\u00e7as podem trazer mais satisfa\u00e7\u00e3o e autonomia para o seu dia a dia.<\/p>\n<p>Confira agora as recomenda\u00e7\u00f5es essenciais para turbinar o desempenho do seu aparelho:<\/p>\n<ul class=\"wp-block-list\">\n<li>Ajuste a escala de anima\u00e7\u00e3o para 0.5x para uma sensa\u00e7\u00e3o de rapidez nas trocas de tela<\/li>\n<li>Fa\u00e7a mudan\u00e7as gradualmente e observe o comportamento do sistema<\/li>\n<li>Combine a redu\u00e7\u00e3o das anima\u00e7\u00f5es com outras pr\u00e1ticas de otimiza\u00e7\u00e3o energ\u00e9tica<\/li>\n<\/ul>\n<p><strong>Leia tamb\u00e9m:<\/strong>\u00a0<strong><a href=\"https:\/\/brasil.perfil.com\/tecnologia\/a-sindrome-silenciosa-das-redes-sociais-que-pode-estar-dominando-seu-cerebro.phtml\" target=\"_blank\" rel=\"noreferrer noopener nofollow\">A s\u00edndrome silenciosa das redes sociais que pode estar dominando seu c\u00e9rebro<\/a><\/strong><\/p>\n<p>\t\t\t\t\t\t\t\t\t\t\t\t\t\t\t<a id=\"google-news\" class=\"google-news\" href=\"https:\/\/news.google.com\/publications\/CAAqBwgKMOHtoAsw-fe4Aw?hl=pt-BR&amp;amp;gl=BR&amp;amp;ceid=BR%3Apt-419\" target=\"_blank\" rel=\"nofollow noopener\"><\/p>\n<p>\t\t\t\t\t\t\t\t\t\tSiga a gente no Google Not\u00edcias<\/p>\n<p>\t\t\t\t\t\t\t\t<\/a><\/p>\n","protected":false},"excerpt":{"rendered":"Se a\u00a0tela do celular est\u00e1 lenta para responder, ajustes nas\u00a0Op\u00e7\u00f5es do Desenvolvedor\u00a0podem ajudar a acelerar as transi\u00e7\u00f5es e&hellip;\n","protected":false},"author":2,"featured_media":132658,"comment_status":"","ping_status":"","sticky":false,"template":"","format":"standard","meta":{"footnotes":""},"categories":[84],"tags":[7712,109,107,108,30057,32,33,105,103,104,106,110,22578],"class_list":{"0":"post-132657","1":"post","2":"type-post","3":"status-publish","4":"format-standard","5":"has-post-thumbnail","7":"category-ciencia-e-tecnologia","8":"tag-celular","9":"tag-ciencia","10":"tag-ciencia-e-tecnologia","11":"tag-cienciaetecnologia","12":"tag-lenta","13":"tag-portugal","14":"tag-pt","15":"tag-science","16":"tag-science-and-technology","17":"tag-scienceandtechnology","18":"tag-technology","19":"tag-tecnologia","20":"tag-tela"},"share_on_mastodon":{"url":"https:\/\/pubeurope.com\/@pt\/115463612203983138","error":""},"_links":{"self":[{"href":"https:\/\/www.europesays.com\/pt\/wp-json\/wp\/v2\/posts\/132657","targetHints":{"allow":["GET"]}}],"collection":[{"href":"https:\/\/www.europesays.com\/pt\/wp-json\/wp\/v2\/posts"}],"about":[{"href":"https:\/\/www.europesays.com\/pt\/wp-json\/wp\/v2\/types\/post"}],"author":[{"embeddable":true,"href":"https:\/\/www.europesays.com\/pt\/wp-json\/wp\/v2\/users\/2"}],"replies":[{"embeddable":true,"href":"https:\/\/www.europesays.com\/pt\/wp-json\/wp\/v2\/comments?post=132657"}],"version-history":[{"count":0,"href":"https:\/\/www.europesays.com\/pt\/wp-json\/wp\/v2\/posts\/132657\/revisions"}],"wp:featuredmedia":[{"embeddable":true,"href":"https:\/\/www.europesays.com\/pt\/wp-json\/wp\/v2\/media\/132658"}],"wp:attachment":[{"href":"https:\/\/www.europesays.com\/pt\/wp-json\/wp\/v2\/media?parent=132657"}],"wp:term":[{"taxonomy":"category","embeddable":true,"href":"https:\/\/www.europesays.com\/pt\/wp-json\/wp\/v2\/categories?post=132657"},{"taxonomy":"post_tag","embeddable":true,"href":"https:\/\/www.europesays.com\/pt\/wp-json\/wp\/v2\/tags?post=132657"}],"curies":[{"name":"wp","href":"https:\/\/api.w.org\/{rel}","templated":true}]}}