{"id":132659,"date":"2025-10-30T14:35:09","date_gmt":"2025-10-30T14:35:09","guid":{"rendered":"https:\/\/www.europesays.com\/pt\/132659\/"},"modified":"2025-10-30T14:35:09","modified_gmt":"2025-10-30T14:35:09","slug":"historico-do-psd-vai-ser-mandatario-de-cotrim-de-figueiredo-que-quer-chegar-a-segunda-volta-das-presidenciais","status":"publish","type":"post","link":"https:\/\/www.europesays.com\/pt\/132659\/","title":{"rendered":"Hist\u00f3rico do PSD vai ser mandat\u00e1rio de Cotrim de Figueiredo, que quer chegar \u00e0 segunda volta das presidenciais"},"content":{"rendered":"<p>\t                Cotrim disse que &#8220;acredita cada vez mais&#8221; que pode vencer e insiste que quer deixar para tr\u00e1s a ideia de que as presidenciais s\u00e3o uma esp\u00e9cie de segunda volta de legislativas, onde se aplicam os mesmos crit\u00e9rios &#8220;de esquerda e direita&#8221;<\/p>\n<p>O candidato \u00e0 Presid\u00eancia da Rep\u00fablica Jo\u00e3o Cotrim de Figueiredo\u00a0apresentou os pilares da sua campanha, anunciado o mandat\u00e1rio Jos\u00e9 Miguel J\u00fadice, a ambi\u00e7\u00e3o eleitoral de seguir para uma segunda volta e a vis\u00e3o para o papel de Portugal perante os desafios geopol\u00edticos de um mundo que est\u00e1 mesmo a mudar.<\/p>\n<p>&#8220;V\u00e3o ter a oportunidade no domingo de manh\u00e3, pelas 11 horas, no CCB, de ouvir falar pela primeira vez, na qualidade de meu mandat\u00e1rio, Jos\u00e9 Miguel J\u00fadice. Um homem que eu n\u00e3o escolhi pelas suas capacidades jur\u00eddicas, mas sim porque \u00e9 um homem de esp\u00edrito livre e l\u00facido&#8221;, disse Cotrim de Figueiredo, falando de um hist\u00f3rico do PSD que, apesar de j\u00e1 n\u00e3o ser filiado, ajudou a trilhar caminho para os governos de An\u00edbal Cavaco Silva, por exemplo.<\/p>\n<p>O candidato presidencial revelou que est\u00e1 a construir a campanha com pessoas com experi\u00eancia pol\u00edtica de partidos como o PS ou PSD. Al\u00e9m disso, Cotrim de Figueiredo revelou ter um grupo de pessoas &#8220;que s\u00e3o particularmente boas&#8221; em v\u00e1rias \u00e1reas da sociedade que n\u00e3o tiveram espa\u00e7o na pol\u00edtica nacional, num grupo chamado &#8220;Horizonte 2031&#8221;.<\/p>\n<p>Questionado sobre se acredita que tem mesmo hip\u00f3tese de vencer, Cotrim de Figueiredo disse que &#8220;acredita cada vez mais&#8221; e quer ultrapassar a ideia de que as presidenciais s\u00e3o uma esp\u00e9cie de segunda volta de legislativas, onde se aplicam os mesmos crit\u00e9rios &#8220;de esquerda e direita&#8221;.<\/p>\n<p>&#8220;O que me levou a avan\u00e7ar foi o conjunto de candidatos em que muitas das pessoas com quem convivo e que gosto n\u00e3o conseguiam votar, por falta de ambi\u00e7\u00e3o, por falta de olhar para o futuro ou por um certo cinzentismo&#8221;, afirma o candidato liberal.<\/p>\n<p>Jo\u00e3o Cotrim de Figueiredo insistiu que o que importa para um candidato presidencial \u00e9 a capacidade de &#8220;discutir as coisas&#8221;, particularmente o que Portugal tem mesmo de discutir devido \u00e0s mudan\u00e7as geopol\u00edticas que est\u00e3o a acontecer. &#8220;\u00c9 bom que o pa\u00eds esteja preparado uma vez na vida&#8221;, defende.<\/p>\n<p>O candidato liberal garantiu que conseguir\u00e1 ir \u00e0 segunda volta, mesmo com muitas sondagens a colocar Cotrim de Figueiredo atr\u00e1s de Gouveia e Melo, Marques Mendes e Andr\u00e9 Ventura. Para Cotrim de Figueiredo &#8220;n\u00e3o chegar a uma segunda volta ser\u00e1 uma derrota&#8221;.<\/p>\n<p>Questionado se teria gerido o caso das g\u00e9meas de forma diferente \u00e0 do Presidente Marcelo Rebelo de Sousa, Cotrim de Figueiredo admitiu que nunca tinha pensado nisso, mas garante que &#8220;assumiria sempre as responsabilidades fosse do que fosse que tivesse acontecido no meu c\u00edrculo familiar pr\u00f3ximo&#8221;.<\/p>\n<p>Os desafios geopol\u00edticos s\u00e3o alguns dos principais dilemas que Portugal tem pela frente, particularmente na guerra na Ucr\u00e2nia. Para o candidato presidencial, que seria o comandante supremo das For\u00e7as Armadas, caso fosse necess\u00e1rio, aceitaria o envio de tropas portuguesas para a Ucr\u00e2nia.<\/p>\n<p>&#8220;Aceitaria. Portugal, estando a mais de quatro mil quil\u00f3metros da frente de batalha, est\u00e1 em guerra tamb\u00e9m. As pessoas n\u00e3o t\u00eam no\u00e7\u00e3o. Felizmente n\u00e3o temos tanques na rua, mas temos ataques h\u00edbridos todos os dias e navios da frota sombra russa a passar na nossa costa. Isso acontece todos os dias. Portugal j\u00e1 est\u00e1 em guerra&#8221;, refere.<\/p>\n<p>Questionado sobre se v\u00ea com bons olhos o regresso do servi\u00e7o militar obrigat\u00f3rio, Cotrim de Figueiredo descartou, sublinhando que &#8220;v\u00ea com maus olhos&#8221; tudo aquilo que \u00e9 obrigat\u00f3rio.<\/p>\n<p>Confrontado com as posi\u00e7\u00f5es de Donald Trump e se o presidente norte-americano \u00e9 um perigo para a democracia, o candidato presidencial admitiu que essa \u00e9 uma possibilidade, caso as suas a\u00e7\u00f5es destruam a ordem mundial com base em regras, fazendo com que o mundo transite para uma ordem mundial com base na for\u00e7a.<\/p>\n","protected":false},"excerpt":{"rendered":"Cotrim disse que &#8220;acredita cada vez mais&#8221; que pode vencer e insiste que quer deixar para tr\u00e1s a&hellip;\n","protected":false},"author":2,"featured_media":132660,"comment_status":"","ping_status":"","sticky":false,"template":"","format":"standard","meta":{"footnotes":""},"categories":[50],"tags":[609,611,454,27,28,1736,607,608,832,610,15,16,301,830,14,4578,17460,30058,25,26,570,453,21,22,30059,833,62,12,13,19,20,452,4532,4499,3596,52,32,14937,23,24,455,4579,17,18,840,29,30,31,7783,63,64,65],"class_list":{"0":"post-132659","1":"post","2":"type-post","3":"status-publish","4":"format-standard","5":"has-post-thumbnail","7":"category-mundo","8":"tag-alerta","9":"tag-ao-minuto","10":"tag-bloco-de-esquerda","11":"tag-breaking-news","12":"tag-breakingnews","13":"tag-chega","14":"tag-cnn","15":"tag-cnn-portugal","16":"tag-costa","17":"tag-direto","18":"tag-featured-news","19":"tag-featurednews","20":"tag-governo","21":"tag-guerra","22":"tag-headlines","23":"tag-iniciativa-liberal","24":"tag-joao-cotrim-de-figueiredo","25":"tag-jose-miguel-judice","26":"tag-latest-news","27":"tag-latestnews","28":"tag-live","29":"tag-livre","30":"tag-main-news","31":"tag-mainnews","32":"tag-mandatario","33":"tag-marcelo","34":"tag-mundo","35":"tag-news","36":"tag-noticias","37":"tag-noticias-principais","38":"tag-noticiasprincipais","39":"tag-pan","40":"tag-parlamento","41":"tag-partidos","42":"tag-pcp","43":"tag-politica","44":"tag-portugal","45":"tag-presidencia-da-republica","46":"tag-principais-noticias","47":"tag-principaisnoticias","48":"tag-ps","49":"tag-psd","50":"tag-top-stories","51":"tag-topstories","52":"tag-ucrania","53":"tag-ultimas","54":"tag-ultimas-noticias","55":"tag-ultimasnoticias","56":"tag-ventura","57":"tag-world","58":"tag-world-news","59":"tag-worldnews"},"share_on_mastodon":{"url":"","error":"Validation failed: Text character limit of 500 exceeded"},"_links":{"self":[{"href":"https:\/\/www.europesays.com\/pt\/wp-json\/wp\/v2\/posts\/132659","targetHints":{"allow":["GET"]}}],"collection":[{"href":"https:\/\/www.europesays.com\/pt\/wp-json\/wp\/v2\/posts"}],"about":[{"href":"https:\/\/www.europesays.com\/pt\/wp-json\/wp\/v2\/types\/post"}],"author":[{"embeddable":true,"href":"https:\/\/www.europesays.com\/pt\/wp-json\/wp\/v2\/users\/2"}],"replies":[{"embeddable":true,"href":"https:\/\/www.europesays.com\/pt\/wp-json\/wp\/v2\/comments?post=132659"}],"version-history":[{"count":0,"href":"https:\/\/www.europesays.com\/pt\/wp-json\/wp\/v2\/posts\/132659\/revisions"}],"wp:featuredmedia":[{"embeddable":true,"href":"https:\/\/www.europesays.com\/pt\/wp-json\/wp\/v2\/media\/132660"}],"wp:attachment":[{"href":"https:\/\/www.europesays.com\/pt\/wp-json\/wp\/v2\/media?parent=132659"}],"wp:term":[{"taxonomy":"category","embeddable":true,"href":"https:\/\/www.europesays.com\/pt\/wp-json\/wp\/v2\/categories?post=132659"},{"taxonomy":"post_tag","embeddable":true,"href":"https:\/\/www.europesays.com\/pt\/wp-json\/wp\/v2\/tags?post=132659"}],"curies":[{"name":"wp","href":"https:\/\/api.w.org\/{rel}","templated":true}]}}