{"id":132670,"date":"2025-10-30T14:50:21","date_gmt":"2025-10-30T14:50:21","guid":{"rendered":"https:\/\/www.europesays.com\/pt\/132670\/"},"modified":"2025-10-30T14:50:21","modified_gmt":"2025-10-30T14:50:21","slug":"unioeste-em-foz-recebe-r-179-milhao-para-obras-laboratorios-e-ia","status":"publish","type":"post","link":"https:\/\/www.europesays.com\/pt\/132670\/","title":{"rendered":"Unioeste em Foz recebe R$ 1,79 milh\u00e3o para obras, laborat\u00f3rios e IA"},"content":{"rendered":"<p>Um dos projetos contemplados \u00e9 o que desenvolve tecnologia para monitoramento inteligente do mosquito Aedes aegypti.<\/p>\n<p>O Governo do Estado vai repassar R$ 1,79 milh\u00e3o ao campus de Foz do Igua\u00e7u da Universidade Estadual do Oeste do Paran\u00e1 (Unioeste). O recurso ser\u00e1 para a execu\u00e7\u00e3o de reformas, amplia\u00e7\u00e3o de laborat\u00f3rios, compra de equipamentos e desenvolvimento de projetos com uso de intelig\u00eancia artificial (IA).<\/p>\n<p>O an\u00fancio foi feito nessa quarta-feira, 29, pelo secret\u00e1rio estadual da Ci\u00eancia, Tecnologia e Ensino Superior, Aldo Nelson Bona. A assinatura do termo de descentraliza\u00e7\u00e3o or\u00e7ament\u00e1ria ocorreu no Centro de Engenharias e Ci\u00eancias Exatas (CECE) do campus.<\/p>\n<p>Os recursos s\u00e3o provenientes do Fundo Paran\u00e1, gerido pela Seti, e se destinam ao financiamento de a\u00e7\u00f5es e projetos voltados ao avan\u00e7o cient\u00edfico e tecnol\u00f3gico no estado.<\/p>\n<p>Durante o evento, Aldo Bona destacou a relev\u00e2ncia da Unioeste no cen\u00e1rio acad\u00eamico. \u201cFoi essa universidade a primeira estadual a receber nota m\u00e1xima do MEC, e estamos trabalhando para que ela e as demais avancem, garantindo investimentos cont\u00ednuos para ci\u00eancia e tecnologia\u201d, afirmou.<\/p>\n<p>O reitor da Unioeste, Alexandre Webber, ressaltou o impacto do novo aporte. \u201cAl\u00e9m dos nossos investimentos pr\u00f3prios, conquistamos esses recursos extras. E hoje, se temos tal aporte, \u00e9 por causa do trabalho de voc\u00eas \u2014 professores, estudantes e agentes universit\u00e1rios \u2014, que t\u00eam se dedicado para melhorar cada vez mais essa universidade\u201d, disse.<\/p>\n<p>Investimentos e projetos<\/p>\n<p>Com parte dos recursos, ser\u00e3o ampliados laborat\u00f3rios do curso de Engenharia Mec\u00e2nica e adquiridos equipamentos como espectr\u00f4metro, esc\u00e2ner 3D e c\u00e2mera fotogr\u00e1fica de alta velocidade.<\/p>\n<p>Tamb\u00e9m ser\u00e3o comprados novos equipamentos para a unidade de empreendedorismo e inova\u00e7\u00e3o do campus, que poder\u00e3o ser utilizados por alunos e professores do curso de Engenharia El\u00e9trica.<\/p>\n<p>Cerca de R$ 270 mil ir\u00e3o para o desenvolvimento de uma<strong><a href=\"https:\/\/www.h2foz.com.br\/ciencia\/foz-sera-a-primeira-cidade-do-mundo-a-usar-ia-para-monitorar-o-mosquito-da-dengue\/\" rel=\"nofollow noopener\" target=\"_blank\"> tecnologia para monitoramento inteligente do mosquito Aedes aegypti<\/a><\/strong>, com uso de sensores \u00f3pticos e algoritmos de intelig\u00eancia artificial \u2014 pesquisa que vem sendo desenvolvida h\u00e1 dez anos.<\/p>\n<p>O projeto \u00e9 coordenado pelo professor Andr\u00e9 Gustavo Maletzke, do curso de Ci\u00eancia da Computa\u00e7\u00e3o, com apoio t\u00e9cnico e log\u00edstico do Centro de Zoonoses de Foz do Igua\u00e7u. A previs\u00e3o \u00e9 a de que, a partir de 2026, a tecnologia permita identificar locais e hor\u00e1rios de maior incid\u00eancia do mosquito da dengue em todo o munic\u00edpio.<\/p>\n<p>De acordo com o diretor do CECE, Romeu Reginato, os investimentos v\u00e3o fortalecer a infraestrutura e impulsionar a pesquisa. \u201cEsses recursos representam algo realmente inovador, porque permitir\u00e3o o avan\u00e7o de pesquisas realizadas pela universidade que beneficiam diretamente os cidad\u00e3os\u201d, frisou.<\/p>\n<p>(Com informa\u00e7\u00f5es da Ag\u00eancia Estadual de Not\u00edcias)<\/p>\n","protected":false},"excerpt":{"rendered":"Um dos projetos contemplados \u00e9 o que desenvolve tecnologia para monitoramento inteligente do mosquito Aedes aegypti. O Governo&hellip;\n","protected":false},"author":2,"featured_media":132671,"comment_status":"","ping_status":"","sticky":false,"template":"","format":"standard","meta":{"footnotes":""},"categories":[86],"tags":[16295,2097,116,4127,32,33,117,30060],"class_list":{"0":"post-132670","1":"post","2":"type-post","3":"status-publish","4":"format-standard","5":"has-post-thumbnail","7":"category-saude","8":"tag-foz-do-iguacu","9":"tag-govpr","10":"tag-health","11":"tag-parana","12":"tag-portugal","13":"tag-pt","14":"tag-saude","15":"tag-unioeste"},"share_on_mastodon":{"url":"https:\/\/pubeurope.com\/@pt\/115463679091862728","error":""},"_links":{"self":[{"href":"https:\/\/www.europesays.com\/pt\/wp-json\/wp\/v2\/posts\/132670","targetHints":{"allow":["GET"]}}],"collection":[{"href":"https:\/\/www.europesays.com\/pt\/wp-json\/wp\/v2\/posts"}],"about":[{"href":"https:\/\/www.europesays.com\/pt\/wp-json\/wp\/v2\/types\/post"}],"author":[{"embeddable":true,"href":"https:\/\/www.europesays.com\/pt\/wp-json\/wp\/v2\/users\/2"}],"replies":[{"embeddable":true,"href":"https:\/\/www.europesays.com\/pt\/wp-json\/wp\/v2\/comments?post=132670"}],"version-history":[{"count":0,"href":"https:\/\/www.europesays.com\/pt\/wp-json\/wp\/v2\/posts\/132670\/revisions"}],"wp:featuredmedia":[{"embeddable":true,"href":"https:\/\/www.europesays.com\/pt\/wp-json\/wp\/v2\/media\/132671"}],"wp:attachment":[{"href":"https:\/\/www.europesays.com\/pt\/wp-json\/wp\/v2\/media?parent=132670"}],"wp:term":[{"taxonomy":"category","embeddable":true,"href":"https:\/\/www.europesays.com\/pt\/wp-json\/wp\/v2\/categories?post=132670"},{"taxonomy":"post_tag","embeddable":true,"href":"https:\/\/www.europesays.com\/pt\/wp-json\/wp\/v2\/tags?post=132670"}],"curies":[{"name":"wp","href":"https:\/\/api.w.org\/{rel}","templated":true}]}}