{"id":132678,"date":"2025-10-30T14:55:08","date_gmt":"2025-10-30T14:55:08","guid":{"rendered":"https:\/\/www.europesays.com\/pt\/132678\/"},"modified":"2025-10-30T14:55:08","modified_gmt":"2025-10-30T14:55:08","slug":"violou-voluntaria-de-21-anos-enquanto-lhe-dava-boleia-em-marco-de-canaveses-jornal-de-noticias","status":"publish","type":"post","link":"https:\/\/www.europesays.com\/pt\/132678\/","title":{"rendered":"Violou volunt\u00e1ria de 21 anos enquanto lhe dava boleia em Marco de Canaveses &#8211; Jornal de Not\u00edcias"},"content":{"rendered":"<ol>\n<li><a href=\"https:\/\/news.google.com\/rss\/articles\/CBMiuAFBVV95cUxNR3dLSXlQWmV1MlBQVUlZRFcwMEQzRzRoRmNyZ3ZGTGRqdFBFZW1OdkRSM2VCQnJhWFE1dm9hWnZuZDJoVzdGTmw2Y0Nuc3F3dG15ZFdqbjdJVEd1dGdGeU1uN01NbFdLdU5reTczRjhnRnV1MmZYSzAtRW56X1o5VnlpWmtObGp0WFJsOGxMZ3dLN0MyTWdyNU0xdlg5TWFvdlVOdVBweXJsMnZwUXZfczdvczFCNTYz0gGqAUFVX3lxTFBYU1FqaHl5WkZRRzhyWkJ0TGx2bXVPajNIem5OX1lIYmM4c2Y0UmpiNXF2eGFVaUlNUGY0aFBLa1JKbWJNTlAybnVOVnFyV0xCd1lma0N0TGp2blEySlJTRi1CSG9Ua1NaWXhBY2V2aTQwbWtsWS0zdFZ5Zl93aExxaGZYRC1EWTYxRkp1UWh2TVlza0pNZmtnRllaMDM4RXNTZnNnaGdGQ253?oc=5\" target=\"_blank\" rel=\"nofollow noopener\">Violou volunt\u00e1ria de 21 anos enquanto lhe dava boleia em Marco de Canaveses<\/a>&nbsp;&nbsp;Jornal de Not\u00edcias<\/li>\n<li><a href=\"https:\/\/news.google.com\/rss\/articles\/CBMipAFBVV95cUxNNmZGak82eEY0VnlQeGxvTk5zSEFrVUlCS21VZXZyRUVIV0xhdHZ3Z1UtbmJPYTNnc2U0Yl92YjZfbjVDb3dhVHR5Z09LdlVvOHpRc1d6WjdNNWZTX2lIR0tlNGVKQmgyZDdwOVFfcERGYkxvR0I1d1JYRERBZW9mYm1ZeDZMbGJOZVBVNVl3Y1hiVXpNbU92THY5ODM2YzhiSFFjQQ?oc=5\" target=\"_blank\" rel=\"nofollow noopener\">PJ deteve suspeito de violar mulher de 21 anos no Marco de Canaveses<\/a>&nbsp;&nbsp;Observador<\/li>\n<li><a href=\"https:\/\/news.google.com\/rss\/articles\/CBMiuAFBVV95cUxPd0Z5cHhuZHBCb0VBaS1JUmw0dEFwcTc3c3NMekx1VERVNWRBV0lQQ21IbTJiV2tGR0ZkeW96MUdpVnZKNDJCRXRoNTFnTW15VlZvOVVuSXVvWW9laFFDNko0QnV5YlRqOW42Y2ItNktIN3VjV2xYYVo1Z05sa2VqdWRuMjFrV2loTXZPX0lxblhUSVVjcnZiZHlBQkU2Ymt4YlFVYm9ZRTY3QnBmV2JMTGZWUDJmZ3JR?oc=5\" target=\"_blank\" rel=\"nofollow noopener\">Jovem \u00e9 violada ap\u00f3s aceitar boleia de desconhecido em Marco de Canavezes<\/a>&nbsp;&nbsp;Not\u00edcias ao Minuto<\/li>\n<li><a href=\"https:\/\/news.google.com\/rss\/articles\/CBMitAFBVV95cUxPUWViVGFKdVdQMkNNUEs2N1N1dURvVmRUcGxNR2tPQ0stYkU1ZmZ6QkozU0ZURUNhM0VLalA0YjBGOV85dk5FSGZlajloY0tDTEpfYXJjbzF0WXNUM29vdC14Q1FkaGNwQWh1S0lydWoxd204bWNVN3dWbzg5TlJONXlHWDJqbXFJc1Z1X3Q2a3FoWDBvQVhKelpMckt0ZFI5MXZSU3NDXzNTcXVqWUJDOE1nelg?oc=5\" target=\"_blank\" rel=\"nofollow noopener\">PJ det\u00e9m homem de 67 anos por suspeita de viola\u00e7\u00e3o agravada em Marco de Canaveses<\/a>&nbsp;&nbsp;averdade.com<\/li>\n<li><a href=\"https:\/\/news.google.com\/rss\/articles\/CBMikgFBVV95cUxPRzFlNUFjMWFBcUlfXzFZM01ZRXdFMnd3dEQzN0xQaGF0QmFaRHU1UHZDcDZhQWRQRXZ4T3hHOEVjUFVyRUsxb0tjVERPY2dXTVF1TkN2enJjWWpPVkVuelkwbmNWTTRNMzhzclBwUkRfM1NlWnJjSGhUUUhaeUxyVTNzQ3BOSVU0RVBmemwzcXMwdw?oc=5\" target=\"_blank\" rel=\"nofollow noopener\">Homem de 67 anos oferece boleia e volta a violar<\/a>&nbsp;&nbsp;Di\u00e1rio de Aveiro<\/li>\n<\/ol>\n","protected":false},"excerpt":{"rendered":"Violou volunt\u00e1ria de 21 anos enquanto lhe dava boleia em Marco de Canaveses&nbsp;&nbsp;Jornal de Not\u00edcias PJ deteve suspeito&hellip;\n","protected":false},"author":2,"featured_media":132679,"comment_status":"","ping_status":"","sticky":false,"template":"","format":"standard","meta":{"footnotes":""},"categories":[10],"tags":[27,28,15,16,14,603,25,26,21,22,30063,12,13,19,20,2445,32,23,24,33,17,18,29,30,31],"class_list":{"0":"post-132678","1":"post","2":"type-post","3":"status-publish","4":"format-standard","5":"has-post-thumbnail","7":"category-portugal","8":"tag-breaking-news","9":"tag-breakingnews","10":"tag-featured-news","11":"tag-featurednews","12":"tag-headlines","13":"tag-justica","14":"tag-latest-news","15":"tag-latestnews","16":"tag-main-news","17":"tag-mainnews","18":"tag-marco-de-canaveses","19":"tag-news","20":"tag-noticias","21":"tag-noticias-principais","22":"tag-noticiasprincipais","23":"tag-policia-judiciaria","24":"tag-portugal","25":"tag-principais-noticias","26":"tag-principaisnoticias","27":"tag-pt","28":"tag-top-stories","29":"tag-topstories","30":"tag-ultimas","31":"tag-ultimas-noticias","32":"tag-ultimasnoticias"},"share_on_mastodon":{"url":"https:\/\/pubeurope.com\/@pt\/115463698721509355","error":""},"_links":{"self":[{"href":"https:\/\/www.europesays.com\/pt\/wp-json\/wp\/v2\/posts\/132678","targetHints":{"allow":["GET"]}}],"collection":[{"href":"https:\/\/www.europesays.com\/pt\/wp-json\/wp\/v2\/posts"}],"about":[{"href":"https:\/\/www.europesays.com\/pt\/wp-json\/wp\/v2\/types\/post"}],"author":[{"embeddable":true,"href":"https:\/\/www.europesays.com\/pt\/wp-json\/wp\/v2\/users\/2"}],"replies":[{"embeddable":true,"href":"https:\/\/www.europesays.com\/pt\/wp-json\/wp\/v2\/comments?post=132678"}],"version-history":[{"count":0,"href":"https:\/\/www.europesays.com\/pt\/wp-json\/wp\/v2\/posts\/132678\/revisions"}],"wp:featuredmedia":[{"embeddable":true,"href":"https:\/\/www.europesays.com\/pt\/wp-json\/wp\/v2\/media\/132679"}],"wp:attachment":[{"href":"https:\/\/www.europesays.com\/pt\/wp-json\/wp\/v2\/media?parent=132678"}],"wp:term":[{"taxonomy":"category","embeddable":true,"href":"https:\/\/www.europesays.com\/pt\/wp-json\/wp\/v2\/categories?post=132678"},{"taxonomy":"post_tag","embeddable":true,"href":"https:\/\/www.europesays.com\/pt\/wp-json\/wp\/v2\/tags?post=132678"}],"curies":[{"name":"wp","href":"https:\/\/api.w.org\/{rel}","templated":true}]}}